{"id":10169,"date":"2022-04-13T20:48:26","date_gmt":"2022-04-13T18:48:26","guid":{"rendered":"https:\/\/www.osmrtnice.ljportal.com\/?p=10169"},"modified":"2022-05-03T06:24:30","modified_gmt":"2022-05-03T04:24:30","slug":"drago-alilovic","status":"publish","type":"post","link":"https:\/\/www.ljportal.com\/osmrtnice\/drago-alilovic\/","title":{"rendered":"Drago Alilovi\u0107"},"content":{"rendered":"<p>Gospodine, tvojim se vjernima \u017eivot mijenja a ne oduzima! Ja sam uskrsnu\u0107e i \u017eivot: Tko u mene vjeruje, ako i umre \u017eivjeti \u0107e. (Iv.11,26) Tu\u017enim srcem javljamo svoj rodbini, prijateljima i znancima da je ovozemni \u017eivot zavr\u0161io na\u0161 dragi i nikad pre\u017ealjeni<br \/>\n<img decoding=\"async\" src=\"https:\/\/www.osmrtnice.ljportal.com\/wp-content\/uploads\/2022\/04\/DragoAlilovic.jpg\" \/><br \/>\n<strong>DRAGO ALILOVI\u0106 pok. Marka<\/strong><br \/>\n<strong>1940.-2022.<\/strong><\/p>\n<p>blago u Gospodinu preminuo u srijedu 13. travnja 2022. godine u 82-oj godini \u017eivota. Sprovodni obred i pokop \u0107e se obaviti na groblju Krvnica u Radi\u0161i\u0107ima, \u010detvrtak 14. travnja 2022. godine u 16 sati. Obitelj prima izraze su\u0107uti u mrtva\u010dnici na groblju od 15,30 sati.<br \/>\nZbog epidemiolo\u0161ke situacije molimo izraze su\u0107uti bez rukovanja.<\/p>\n<p><strong>O\u017dALO\u0160\u0106ENI:<\/strong><br \/>\nsin MARKO, sestra DRAGICA s obitelji, obitelji pok. bra\u0107e: ANTE i MILE, svastike: MARA i LJUBA s obiteljima, obitelji pok. \u0161ura: MATE i STANKA, obitelji: ALILOVI\u0106, \u0160ARAC, HRSTI\u0106, KNEZOVI\u0106 i KAMBER te ostala rodbina i prijatelji.<\/p>\n<p><strong>PO\u010cIVAO U MIRU BO\u017dJEM !<\/strong><\/p>\n<div class=\"thanks_button_div\" \n                  style=\"display: inline-block;\"><div id=\"thanksButtonDiv_10169_1\" style=\"background-image:url(http:\/\/www.osmrtnice.ljportal.com\/wp-content\/uploads\/2018\/02\/zapali_svijecu_1.png); background-repeat:no-repeat; float: left; display: inline;\"\n                onmouseover=\"javascript:thankYouChangeButtonImage('thanksButtonDiv_10169_1', true);\" \n                onmouseout=\"javascript:thankYouChangeButtonImage('thanksButtonDiv_10169_1', false);\"\n                onclick=\"javascript:thankYouChangeButtonImage('thanksButtonDiv_10169_1', false);\" >\n                <input type=\"button\" onclick=\"thankYouButtonClick(10169, 'Ve\u0107 ste zapalili svije\u0107u')\" value=\"Zapali svije\u0107u ~ 894\"\n                  class=\"thanks_button thanks_custom \"\n                  style=\"width:250px; height:50px; font-family: Verdana, Arial, Sans-Serif; font-size: 14px; font-weight: normal;; color:#000;\"\n                  id=\"thanksButton_10169_1\" title=\"Zapali svije\u0107u\"\/>\n             <\/div><div id=\"ajax_loader_10169_1\" style=\"display:inline;visibility: hidden;\"><img decoding=\"async\" alt=\"ajax loader\" src=\"https:\/\/www.ljportal.com\/osmrtnice\/wp-content\/plugins\/thanks-you-counter-button\/images\/ajax-loader.gif\" \/><\/div><\/div>","protected":false},"excerpt":{"rendered":"","protected":false},"author":2,"featured_media":10170,"comment_status":"closed","ping_status":"closed","sticky":false,"template":"","format":"standard","meta":{"footnotes":""},"categories":[7],"tags":[17],"class_list":["post-10169","post","type-post","status-publish","format-standard","has-post-thumbnail","hentry","category-osmrtnice","tag-boras"],"rttpg_featured_image_url":{"full":["https:\/\/www.ljportal.com\/osmrtnice\/wp-content\/uploads\/2022\/04\/DragoAlilovic.jpg",150,200,false],"landscape":["https:\/\/www.ljportal.com\/osmrtnice\/wp-content\/uploads\/2022\/04\/DragoAlilovic.jpg",150,200,false],"portraits":["https:\/\/www.ljportal.com\/osmrtnice\/wp-content\/uploads\/2022\/04\/DragoAlilovic.jpg",150,200,false],"thumbnail":["https:\/\/www.ljportal.com\/osmrtnice\/wp-content\/uploads\/2022\/04\/DragoAlilovic-150x150.jpg",150,150,true],"medium":["https:\/\/www.ljportal.com\/osmrtnice\/wp-content\/uploads\/2022\/04\/DragoAlilovic.jpg",150,200,false],"large":["https:\/\/www.ljportal.com\/osmrtnice\/wp-content\/uploads\/2022\/04\/DragoAlilovic.jpg",150,200,false],"1536x1536":["https:\/\/www.ljportal.com\/osmrtnice\/wp-content\/uploads\/2022\/04\/DragoAlilovic.jpg",150,200,false],"2048x2048":["https:\/\/www.ljportal.com\/osmrtnice\/wp-content\/uploads\/2022\/04\/DragoAlilovic.jpg",150,200,false],"post-thumbnail":["https:\/\/www.ljportal.com\/osmrtnice\/wp-content\/uploads\/2022\/04\/DragoAlilovic.jpg",150,200,false],"poseidon-header-image":["https:\/\/www.ljportal.com\/osmrtnice\/wp-content\/uploads\/2022\/04\/DragoAlilovic.jpg",150,200,false],"poseidon-thumbnail-small":["https:\/\/www.ljportal.com\/osmrtnice\/wp-content\/uploads\/2022\/04\/DragoAlilovic-120x80.jpg",120,80,true],"poseidon-thumbnail-medium":["https:\/\/www.ljportal.com\/osmrtnice\/wp-content\/uploads\/2022\/04\/DragoAlilovic.jpg",150,200,false],"poseidon-thumbnail-large":["https:\/\/www.ljportal.com\/osmrtnice\/wp-content\/uploads\/2022\/04\/DragoAlilovic.jpg",150,200,false],"poseidon-thumbnail-single":["https:\/\/www.ljportal.com\/osmrtnice\/wp-content\/uploads\/2022\/04\/DragoAlilovic.jpg",150,200,false],"rt_custom":["https:\/\/www.ljportal.com\/osmrtnice\/wp-content\/uploads\/2022\/04\/DragoAlilovic.jpg",150,200,false]},"rttpg_author":{"display_name":"Osmrtnice Ljubuski","author_link":"https:\/\/www.ljportal.com\/osmrtnice\/author\/bubalo\/"},"rttpg_comment":0,"rttpg_category":"<a href=\"https:\/\/www.ljportal.com\/osmrtnice\/category\/osmrtnice\/\" rel=\"category tag\">Osmrtnice<\/a>","rttpg_excerpt":null,"_links":{"self":[{"href":"https:\/\/www.ljportal.com\/osmrtnice\/wp-json\/wp\/v2\/posts\/10169","targetHints":{"allow":["GET"]}}],"collection":[{"href":"https:\/\/www.ljportal.com\/osmrtnice\/wp-json\/wp\/v2\/posts"}],"about":[{"href":"https:\/\/www.ljportal.com\/osmrtnice\/wp-json\/wp\/v2\/types\/post"}],"author":[{"embeddable":true,"href":"https:\/\/www.ljportal.com\/osmrtnice\/wp-json\/wp\/v2\/users\/2"}],"replies":[{"embeddable":true,"href":"https:\/\/www.ljportal.com\/osmrtnice\/wp-json\/wp\/v2\/comments?post=10169"}],"version-history":[{"count":2,"href":"https:\/\/www.ljportal.com\/osmrtnice\/wp-json\/wp\/v2\/posts\/10169\/revisions"}],"predecessor-version":[{"id":10175,"href":"https:\/\/www.ljportal.com\/osmrtnice\/wp-json\/wp\/v2\/posts\/10169\/revisions\/10175"}],"wp:featuredmedia":[{"embeddable":true,"href":"https:\/\/www.ljportal.com\/osmrtnice\/wp-json\/wp\/v2\/media\/10170"}],"wp:attachment":[{"href":"https:\/\/www.ljportal.com\/osmrtnice\/wp-json\/wp\/v2\/media?parent=10169"}],"wp:term":[{"taxonomy":"category","embeddable":true,"href":"https:\/\/www.ljportal.com\/osmrtnice\/wp-json\/wp\/v2\/categories?post=10169"},{"taxonomy":"post_tag","embeddable":true,"href":"https:\/\/www.ljportal.com\/osmrtnice\/wp-json\/wp\/v2\/tags?post=10169"}],"curies":[{"name":"wp","href":"https:\/\/api.w.org\/{rel}","templated":true}]}}