{"id":11813,"date":"2022-10-09T15:30:28","date_gmt":"2022-10-09T13:30:28","guid":{"rendered":"https:\/\/www.ljportal.com\/osmrtnice\/?p=11813"},"modified":"2022-12-29T08:01:32","modified_gmt":"2022-12-29T07:01:32","slug":"stana-mihaljevic","status":"publish","type":"post","link":"https:\/\/www.ljportal.com\/osmrtnice\/stana-mihaljevic\/","title":{"rendered":"Stana Mihaljevi\u0107"},"content":{"rendered":"<div dir=\"auto\">Gospodine, Tvojim se vjernima \u017eivot mjenja, a ne oduzima!\u00a0Ja sam uskrsnu\u0107e i \u017eivot: tko u mene vjeruje, ako i umre \u017eivjet \u0107e!&#8221; (Iv 11.26). Utje\u0161eni ovim Isusovim rije\u010dima javljamo svoj rodbini, prijateljima i znancima da je na\u0161a draga<\/div>\n<div dir=\"auto\"><img decoding=\"async\" src=\"https:\/\/www.ljportal.com\/osmrtnice\/wp-content\/uploads\/2022\/10\/stanamihaljevic.jpg\" \/><\/div>\n<div dir=\"auto\"><strong>STANA MIHALJEVI\u0106 ro\u0111. Petru\u0161i\u0107\u00a0ud. VINKA<\/strong><br \/>\n<strong>1935.-2022.<\/strong><\/div>\n<div dir=\"auto\"><\/div>\n<div dir=\"auto\">blago u Gospodinu preminula u nedjelju, 09. listopada 2022. godine u 88-oj godini \u017eivota. Sprovodni obred po\u010dinje u ponedjeljak, 10. listopada 2022. godine u 16:00 sati na mjesnom groblju u LISICAMA, gdje \u0107e biti i pokopana. Obitelj prima izraze su\u0107uti od 15:00 sati u crkvi u LISICAMA.<\/div>\n<div dir=\"auto\"><\/div>\n<div dir=\"auto\"><strong>O\u017dALO\u0160\u0106ENI:<\/strong><br \/>\nsinovi: JOSIP, KRE\u0160O, DRAGO i MIRO, nevjeste: JASNA, RADA I JASNA, unu\u010dad: BERNARDA, BORNA, VINKO, GLORIJA ANAMARIJA, LUCIJA, IVAN I ANTE, bra\u0107a: NIKICA s obitelji i ANTE s obitelji, obitelj pok. brata ILIJE, sestre: JAKA s obitelji, STOJA s obitelji i MARA s obitelji. obitelj pok. sestre ANE, obitelj pok. djevera MILE, obitelj pok. zaova DELFE i MILE te ostala tuguju\u0107a rodbina i prijatelji.<\/div>\n<div dir=\"auto\"><\/div>\n<div dir=\"auto\"><strong>PO\u010cIVALA U MIRU BO\u017dJEM!<\/strong><\/div>\n","protected":false},"excerpt":{"rendered":"","protected":false},"author":2,"featured_media":11814,"comment_status":"closed","ping_status":"closed","sticky":false,"template":"","format":"standard","meta":{"footnotes":""},"categories":[7],"tags":[19],"class_list":["post-11813","post","type-post","status-publish","format-standard","has-post-thumbnail","hentry","category-osmrtnice","tag-grubisic"],"rttpg_featured_image_url":{"full":["https:\/\/www.ljportal.com\/osmrtnice\/wp-content\/uploads\/2022\/10\/stanamihaljevic.jpg",150,200,false],"landscape":["https:\/\/www.ljportal.com\/osmrtnice\/wp-content\/uploads\/2022\/10\/stanamihaljevic.jpg",150,200,false],"portraits":["https:\/\/www.ljportal.com\/osmrtnice\/wp-content\/uploads\/2022\/10\/stanamihaljevic.jpg",150,200,false],"thumbnail":["https:\/\/www.ljportal.com\/osmrtnice\/wp-content\/uploads\/2022\/10\/stanamihaljevic-150x150.jpg",150,150,true],"medium":["https:\/\/www.ljportal.com\/osmrtnice\/wp-content\/uploads\/2022\/10\/stanamihaljevic.jpg",150,200,false],"large":["https:\/\/www.ljportal.com\/osmrtnice\/wp-content\/uploads\/2022\/10\/stanamihaljevic.jpg",150,200,false],"1536x1536":["https:\/\/www.ljportal.com\/osmrtnice\/wp-content\/uploads\/2022\/10\/stanamihaljevic.jpg",150,200,false],"2048x2048":["https:\/\/www.ljportal.com\/osmrtnice\/wp-content\/uploads\/2022\/10\/stanamihaljevic.jpg",150,200,false],"post-thumbnail":["https:\/\/www.ljportal.com\/osmrtnice\/wp-content\/uploads\/2022\/10\/stanamihaljevic.jpg",150,200,false],"poseidon-header-image":["https:\/\/www.ljportal.com\/osmrtnice\/wp-content\/uploads\/2022\/10\/stanamihaljevic.jpg",150,200,false],"poseidon-thumbnail-small":["https:\/\/www.ljportal.com\/osmrtnice\/wp-content\/uploads\/2022\/10\/stanamihaljevic-120x80.jpg",120,80,true],"poseidon-thumbnail-medium":["https:\/\/www.ljportal.com\/osmrtnice\/wp-content\/uploads\/2022\/10\/stanamihaljevic.jpg",150,200,false],"poseidon-thumbnail-large":["https:\/\/www.ljportal.com\/osmrtnice\/wp-content\/uploads\/2022\/10\/stanamihaljevic.jpg",150,200,false],"poseidon-thumbnail-single":["https:\/\/www.ljportal.com\/osmrtnice\/wp-content\/uploads\/2022\/10\/stanamihaljevic.jpg",150,200,false],"rt_custom":["https:\/\/www.ljportal.com\/osmrtnice\/wp-content\/uploads\/2022\/10\/stanamihaljevic.jpg",150,200,false]},"rttpg_author":{"display_name":"Osmrtnice Ljubuski","author_link":"https:\/\/www.ljportal.com\/osmrtnice\/author\/bubalo\/"},"rttpg_comment":0,"rttpg_category":"<a href=\"https:\/\/www.ljportal.com\/osmrtnice\/category\/osmrtnice\/\" rel=\"category tag\">Osmrtnice<\/a>","rttpg_excerpt":null,"_links":{"self":[{"href":"https:\/\/www.ljportal.com\/osmrtnice\/wp-json\/wp\/v2\/posts\/11813","targetHints":{"allow":["GET"]}}],"collection":[{"href":"https:\/\/www.ljportal.com\/osmrtnice\/wp-json\/wp\/v2\/posts"}],"about":[{"href":"https:\/\/www.ljportal.com\/osmrtnice\/wp-json\/wp\/v2\/types\/post"}],"author":[{"embeddable":true,"href":"https:\/\/www.ljportal.com\/osmrtnice\/wp-json\/wp\/v2\/users\/2"}],"replies":[{"embeddable":true,"href":"https:\/\/www.ljportal.com\/osmrtnice\/wp-json\/wp\/v2\/comments?post=11813"}],"version-history":[{"count":1,"href":"https:\/\/www.ljportal.com\/osmrtnice\/wp-json\/wp\/v2\/posts\/11813\/revisions"}],"predecessor-version":[{"id":11815,"href":"https:\/\/www.ljportal.com\/osmrtnice\/wp-json\/wp\/v2\/posts\/11813\/revisions\/11815"}],"wp:featuredmedia":[{"embeddable":true,"href":"https:\/\/www.ljportal.com\/osmrtnice\/wp-json\/wp\/v2\/media\/11814"}],"wp:attachment":[{"href":"https:\/\/www.ljportal.com\/osmrtnice\/wp-json\/wp\/v2\/media?parent=11813"}],"wp:term":[{"taxonomy":"category","embeddable":true,"href":"https:\/\/www.ljportal.com\/osmrtnice\/wp-json\/wp\/v2\/categories?post=11813"},{"taxonomy":"post_tag","embeddable":true,"href":"https:\/\/www.ljportal.com\/osmrtnice\/wp-json\/wp\/v2\/tags?post=11813"}],"curies":[{"name":"wp","href":"https:\/\/api.w.org\/{rel}","templated":true}]}}