{"id":14411,"date":"2026-09-04T00:00:59","date_gmt":"2026-09-03T22:00:59","guid":{"rendered":"https:\/\/www.ljportal.com\/osmrtnice\/?p=14411"},"modified":"2026-09-02T09:03:39","modified_gmt":"2026-09-02T07:03:39","slug":"milenko-sose-2","status":"publish","type":"post","link":"https:\/\/www.ljportal.com\/osmrtnice\/milenko-sose-2\/","title":{"rendered":"Milenko \u0160o\u0161e"},"content":{"rendered":"<p><strong><img decoding=\"async\" src=\"https:\/\/www.ljportal.com\/osmrtnice\/wp-content\/uploads\/2022\/09\/milenkosose.jpg\" \/><br \/>\nMILENKO \u0160O\u0160E<\/strong><br \/>\n<strong>12.1.1954.-4.9.1992.<\/strong><\/p>\n<p>Ro\u0111en 12. sije\u010dnja 1954. u Prregra\u0111u. Sin Frane i Vile ro\u0111. Ivankovi\u0107. Supruga Mila ro\u0111. Hrsti\u0107.<\/p>\n<p><em>Kada vidi\u0161 kamen na kojemu pi\u0161e,<\/em><br \/>\n<em>Da je ratnik pao i nema ga vi\u0161e,<\/em><br \/>\n<em>Nemoj samo pro\u0107i koda ne postoji,<\/em><br \/>\n<em>Tu su hrabro pali prijatelji moji.<\/em><\/p>\n<p><em>Slu\u0161aj kako grmi,<\/em><br \/>\n<em>Kako more pjeni,<\/em><br \/>\n<em>Pitaju te jesu li zaboravljeni.<\/em><br \/>\n<em>Za njih se pomoli,<\/em><br \/>\n<em>Nek mi bra\u0107a znaju,<\/em><br \/>\n<em>Heroji se nikad ne zaboravljaju.<\/em><\/p>\n","protected":false},"excerpt":{"rendered":"","protected":false},"author":2,"featured_media":11543,"comment_status":"closed","ping_status":"closed","sticky":false,"template":"","format":"standard","meta":{"footnotes":""},"categories":[1],"tags":[36],"class_list":["post-14411","post","type-post","status-publish","format-standard","has-post-thumbnail","hentry","category-sjecanja","tag-heroji"],"rttpg_featured_image_url":{"full":["https:\/\/www.ljportal.com\/osmrtnice\/wp-content\/uploads\/2022\/09\/milenkosose.jpg",150,200,false],"landscape":["https:\/\/www.ljportal.com\/osmrtnice\/wp-content\/uploads\/2022\/09\/milenkosose.jpg",150,200,false],"portraits":["https:\/\/www.ljportal.com\/osmrtnice\/wp-content\/uploads\/2022\/09\/milenkosose.jpg",150,200,false],"thumbnail":["https:\/\/www.ljportal.com\/osmrtnice\/wp-content\/uploads\/2022\/09\/milenkosose-150x150.jpg",150,150,true],"medium":["https:\/\/www.ljportal.com\/osmrtnice\/wp-content\/uploads\/2022\/09\/milenkosose.jpg",150,200,false],"large":["https:\/\/www.ljportal.com\/osmrtnice\/wp-content\/uploads\/2022\/09\/milenkosose.jpg",150,200,false],"1536x1536":["https:\/\/www.ljportal.com\/osmrtnice\/wp-content\/uploads\/2022\/09\/milenkosose.jpg",150,200,false],"2048x2048":["https:\/\/www.ljportal.com\/osmrtnice\/wp-content\/uploads\/2022\/09\/milenkosose.jpg",150,200,false],"post-thumbnail":["https:\/\/www.ljportal.com\/osmrtnice\/wp-content\/uploads\/2022\/09\/milenkosose.jpg",150,200,false],"poseidon-header-image":["https:\/\/www.ljportal.com\/osmrtnice\/wp-content\/uploads\/2022\/09\/milenkosose.jpg",150,200,false],"poseidon-thumbnail-small":["https:\/\/www.ljportal.com\/osmrtnice\/wp-content\/uploads\/2022\/09\/milenkosose-120x80.jpg",120,80,true],"poseidon-thumbnail-medium":["https:\/\/www.ljportal.com\/osmrtnice\/wp-content\/uploads\/2022\/09\/milenkosose.jpg",150,200,false],"poseidon-thumbnail-large":["https:\/\/www.ljportal.com\/osmrtnice\/wp-content\/uploads\/2022\/09\/milenkosose.jpg",150,200,false],"poseidon-thumbnail-single":["https:\/\/www.ljportal.com\/osmrtnice\/wp-content\/uploads\/2022\/09\/milenkosose.jpg",150,200,false],"rt_custom":["https:\/\/www.ljportal.com\/osmrtnice\/wp-content\/uploads\/2022\/09\/milenkosose.jpg",150,200,false]},"rttpg_author":{"display_name":"Osmrtnice Ljubuski","author_link":"https:\/\/www.ljportal.com\/osmrtnice\/author\/bubalo\/"},"rttpg_comment":0,"rttpg_category":"<a href=\"https:\/\/www.ljportal.com\/osmrtnice\/category\/sjecanja\/\" rel=\"category tag\">Sje\u0107anje<\/a>","rttpg_excerpt":null,"_links":{"self":[{"href":"https:\/\/www.ljportal.com\/osmrtnice\/wp-json\/wp\/v2\/posts\/14411","targetHints":{"allow":["GET"]}}],"collection":[{"href":"https:\/\/www.ljportal.com\/osmrtnice\/wp-json\/wp\/v2\/posts"}],"about":[{"href":"https:\/\/www.ljportal.com\/osmrtnice\/wp-json\/wp\/v2\/types\/post"}],"author":[{"embeddable":true,"href":"https:\/\/www.ljportal.com\/osmrtnice\/wp-json\/wp\/v2\/users\/2"}],"replies":[{"embeddable":true,"href":"https:\/\/www.ljportal.com\/osmrtnice\/wp-json\/wp\/v2\/comments?post=14411"}],"version-history":[{"count":1,"href":"https:\/\/www.ljportal.com\/osmrtnice\/wp-json\/wp\/v2\/posts\/14411\/revisions"}],"predecessor-version":[{"id":14412,"href":"https:\/\/www.ljportal.com\/osmrtnice\/wp-json\/wp\/v2\/posts\/14411\/revisions\/14412"}],"wp:featuredmedia":[{"embeddable":true,"href":"https:\/\/www.ljportal.com\/osmrtnice\/wp-json\/wp\/v2\/media\/11543"}],"wp:attachment":[{"href":"https:\/\/www.ljportal.com\/osmrtnice\/wp-json\/wp\/v2\/media?parent=14411"}],"wp:term":[{"taxonomy":"category","embeddable":true,"href":"https:\/\/www.ljportal.com\/osmrtnice\/wp-json\/wp\/v2\/categories?post=14411"},{"taxonomy":"post_tag","embeddable":true,"href":"https:\/\/www.ljportal.com\/osmrtnice\/wp-json\/wp\/v2\/tags?post=14411"}],"curies":[{"name":"wp","href":"https:\/\/api.w.org\/{rel}","templated":true}]}}