{"id":14413,"date":"2026-09-02T00:00:23","date_gmt":"2026-09-01T22:00:23","guid":{"rendered":"https:\/\/www.ljportal.com\/osmrtnice\/?p=14413"},"modified":"2026-09-02T09:03:20","modified_gmt":"2026-09-02T07:03:20","slug":"marijan-vistica","status":"publish","type":"post","link":"https:\/\/www.ljportal.com\/osmrtnice\/marijan-vistica\/","title":{"rendered":"Marijan Vi\u0161tica"},"content":{"rendered":"<p><strong><img decoding=\"async\" src=\"https:\/\/www.ljportal.com\/osmrtnice\/wp-content\/uploads\/2023\/09\/MarijanVistica.jpg\" \/><br \/>\nMARIJAN VI\u0160TICA<\/strong><br \/>\n<strong>21.9.1941.-2.9.1992.<\/strong><\/p>\n<p><em>\u201eBlago mirotvorcima, oni \u0107e se sinovima Bo\u017ejim zvati!\u201c (Mt 5,9)<\/em><\/p>\n<p>Navik on \u017eivi, ki zgine po\u0161teno!<strong><br \/>\n<\/strong><br \/>\nRo\u0111en 21.rujna 1941. godine u Hra\u0161ljanima &#8211; Vitaljina, sin Franje i Ive ro\u0111. Pehar. Supruga Anica ro\u0111. Prli\u0107. Po struci dip. ing.,\u00a0 za stalno nastanjen u Bosanskoj Gradi\u0161ci gdje je radio kao tehni\u010dki direktor u poduze\u0107u \u201cRadnik\u201d; predsjednik \u017dupno-<em>pastoralnog<\/em> vije\u0107a i suradnik biskupa banjalu\u010dkog Franje Komarice, politi\u010dki aktivan \u2013 tajnik op\u0107inskog odbora HDZ-a Bosanske Gradi\u0161ke i voljom glasa\u010da od 1990. godine, zastupnik u Skup\u0161tini BiH u Sarajevu.<br \/>\nMarijanov progon i prijetnje njegovu \u017eivotu od strane bosanskohercegova\u010dkih Srba po\u010dele su odmah po odr\u017eavanju prvih vi\u0161estrana\u010dkih izbora u BiH. Premda u nesno\u0161ljivim uvjetima za \u017eivot ostaje u Bosanskoj Gradi\u0161ci do 2. rujna 1992. godine, kada od tada\u0161njih srpskih op\u0107inskih \u010delnika dobiva nalog \u201cda se u roku od 24 sata gubi iz Gradi\u0161ke\u201d. Kako je u to vrijeme srpski \u201ccrveni krst\u201d svakodnevno organizirao prijevoz protjeranih Hrvata i drugih nesrba iz Bosne u Hrvatsku tako se i Marijan s obitelji na\u0161ao u autobusu iz kojeg su ga, na mostu koji povezuje Bosansku i Staru Gradi\u0161ku izveli pripadnici srpskih snaga i odmah po izvo\u0111enju po\u010deli brutalno udarati. Potom su ga ubacili u automobil i odvezli na strati\u0161te gdje su ga usmrtili na o\u010digled 50-ak srpskih vojnika. Tijelo ubijenog Marijana su potom odvezli na gradski deponij sme\u0107a i tu zapalili.<\/p>\n","protected":false},"excerpt":{"rendered":"","protected":false},"author":2,"featured_media":14414,"comment_status":"closed","ping_status":"closed","sticky":false,"template":"","format":"standard","meta":{"footnotes":""},"categories":[1],"tags":[36],"class_list":["post-14413","post","type-post","status-publish","format-standard","has-post-thumbnail","hentry","category-sjecanja","tag-heroji"],"rttpg_featured_image_url":{"full":["https:\/\/www.ljportal.com\/osmrtnice\/wp-content\/uploads\/2023\/09\/MarijanVistica.jpg",150,200,false],"landscape":["https:\/\/www.ljportal.com\/osmrtnice\/wp-content\/uploads\/2023\/09\/MarijanVistica.jpg",150,200,false],"portraits":["https:\/\/www.ljportal.com\/osmrtnice\/wp-content\/uploads\/2023\/09\/MarijanVistica.jpg",150,200,false],"thumbnail":["https:\/\/www.ljportal.com\/osmrtnice\/wp-content\/uploads\/2023\/09\/MarijanVistica-150x150.jpg",150,150,true],"medium":["https:\/\/www.ljportal.com\/osmrtnice\/wp-content\/uploads\/2023\/09\/MarijanVistica.jpg",150,200,false],"large":["https:\/\/www.ljportal.com\/osmrtnice\/wp-content\/uploads\/2023\/09\/MarijanVistica.jpg",150,200,false],"1536x1536":["https:\/\/www.ljportal.com\/osmrtnice\/wp-content\/uploads\/2023\/09\/MarijanVistica.jpg",150,200,false],"2048x2048":["https:\/\/www.ljportal.com\/osmrtnice\/wp-content\/uploads\/2023\/09\/MarijanVistica.jpg",150,200,false],"post-thumbnail":["https:\/\/www.ljportal.com\/osmrtnice\/wp-content\/uploads\/2023\/09\/MarijanVistica.jpg",150,200,false],"poseidon-header-image":["https:\/\/www.ljportal.com\/osmrtnice\/wp-content\/uploads\/2023\/09\/MarijanVistica.jpg",150,200,false],"poseidon-thumbnail-small":["https:\/\/www.ljportal.com\/osmrtnice\/wp-content\/uploads\/2023\/09\/MarijanVistica-120x80.jpg",120,80,true],"poseidon-thumbnail-medium":["https:\/\/www.ljportal.com\/osmrtnice\/wp-content\/uploads\/2023\/09\/MarijanVistica.jpg",150,200,false],"poseidon-thumbnail-large":["https:\/\/www.ljportal.com\/osmrtnice\/wp-content\/uploads\/2023\/09\/MarijanVistica.jpg",150,200,false],"poseidon-thumbnail-single":["https:\/\/www.ljportal.com\/osmrtnice\/wp-content\/uploads\/2023\/09\/MarijanVistica.jpg",150,200,false],"rt_custom":["https:\/\/www.ljportal.com\/osmrtnice\/wp-content\/uploads\/2023\/09\/MarijanVistica.jpg",150,200,false]},"rttpg_author":{"display_name":"Osmrtnice Ljubuski","author_link":"https:\/\/www.ljportal.com\/osmrtnice\/author\/bubalo\/"},"rttpg_comment":0,"rttpg_category":"<a href=\"https:\/\/www.ljportal.com\/osmrtnice\/category\/sjecanja\/\" rel=\"category tag\">Sje\u0107anje<\/a>","rttpg_excerpt":null,"_links":{"self":[{"href":"https:\/\/www.ljportal.com\/osmrtnice\/wp-json\/wp\/v2\/posts\/14413","targetHints":{"allow":["GET"]}}],"collection":[{"href":"https:\/\/www.ljportal.com\/osmrtnice\/wp-json\/wp\/v2\/posts"}],"about":[{"href":"https:\/\/www.ljportal.com\/osmrtnice\/wp-json\/wp\/v2\/types\/post"}],"author":[{"embeddable":true,"href":"https:\/\/www.ljportal.com\/osmrtnice\/wp-json\/wp\/v2\/users\/2"}],"replies":[{"embeddable":true,"href":"https:\/\/www.ljportal.com\/osmrtnice\/wp-json\/wp\/v2\/comments?post=14413"}],"version-history":[{"count":7,"href":"https:\/\/www.ljportal.com\/osmrtnice\/wp-json\/wp\/v2\/posts\/14413\/revisions"}],"predecessor-version":[{"id":14438,"href":"https:\/\/www.ljportal.com\/osmrtnice\/wp-json\/wp\/v2\/posts\/14413\/revisions\/14438"}],"wp:featuredmedia":[{"embeddable":true,"href":"https:\/\/www.ljportal.com\/osmrtnice\/wp-json\/wp\/v2\/media\/14414"}],"wp:attachment":[{"href":"https:\/\/www.ljportal.com\/osmrtnice\/wp-json\/wp\/v2\/media?parent=14413"}],"wp:term":[{"taxonomy":"category","embeddable":true,"href":"https:\/\/www.ljportal.com\/osmrtnice\/wp-json\/wp\/v2\/categories?post=14413"},{"taxonomy":"post_tag","embeddable":true,"href":"https:\/\/www.ljportal.com\/osmrtnice\/wp-json\/wp\/v2\/tags?post=14413"}],"curies":[{"name":"wp","href":"https:\/\/api.w.org\/{rel}","templated":true}]}}