{"id":15804,"date":"2026-09-02T00:00:56","date_gmt":"2026-09-01T22:00:56","guid":{"rendered":"https:\/\/www.ljportal.com\/osmrtnice\/?p=15804"},"modified":"2026-09-02T09:03:28","modified_gmt":"2026-09-02T07:03:28","slug":"kreso-vranjes-2","status":"publish","type":"post","link":"https:\/\/www.ljportal.com\/osmrtnice\/kreso-vranjes-2\/","title":{"rendered":"Kre\u0161o Vranje\u0161"},"content":{"rendered":"<p style=\"font-weight: 400;\"><strong><img decoding=\"async\" src=\"https:\/\/www.ljportal.com\/osmrtnice\/wp-content\/uploads\/2023\/11\/KresoVranjes.jpg\" \/><br \/>\nKRE\u0160O VRANJE\u0160<\/strong><br \/>\n<strong>3.1.1963. \u2013 2.9.1993.<\/strong><\/p>\n<p style=\"font-weight: 400;\">Sin Mirka i Anice ro\u0111. Bi\u0161ko, ro\u0111en na Humcu 3. sije\u010dnja 1963. godine, neo\u017eenjen. Pripadnik lakojuri\u0161ne bojne Vojne policije HVO-a. Ranjen je 20. kolovoza 1993. na rati\u0161tu u Mostaru, a preminuo 2. rujna 1993. od posljedica ranjavanja u splitskoj bolnici na Firulama. Odlukom vrhovnog zapovjednika i predsjednika RH dr. Franje Tu\u0111mana odlikovan redom Petra Zrinskog i Frana Krste Frankopana s pozla\u0107enim pleterom.<\/p>\n<p><em>Kada vidi\u0161 kamen na kojemu pi\u0161e,<\/em><br \/>\n<em>Da je ratnik pao i nema ga vi\u0161e,<\/em><br \/>\n<em>Nemoj samo pro\u0107i koda ne postoji,<\/em><br \/>\n<em>Tu su hrabro pali prijatelji moji.<\/em><\/p>\n<p><em>Slu\u0161aj kako grmi,<\/em><br \/>\n<em>Kako more pjeni,<\/em><br \/>\n<em>Pitaju te jesu li zaboravljeni.<\/em><br \/>\n<em>Za njih se pomoli,<\/em><br \/>\n<em>Nek mi bra\u0107a znaju,<\/em><br \/>\n<em>Heroji se nikad ne zaboravljaju.<\/em><\/p>\n","protected":false},"excerpt":{"rendered":"","protected":false},"author":2,"featured_media":14901,"comment_status":"closed","ping_status":"closed","sticky":false,"template":"","format":"standard","meta":{"footnotes":""},"categories":[1],"tags":[36],"class_list":["post-15804","post","type-post","status-publish","format-standard","has-post-thumbnail","hentry","category-sjecanja","tag-heroji"],"rttpg_featured_image_url":{"full":["https:\/\/www.ljportal.com\/osmrtnice\/wp-content\/uploads\/2023\/11\/KresoVranjes.jpg",150,200,false],"landscape":["https:\/\/www.ljportal.com\/osmrtnice\/wp-content\/uploads\/2023\/11\/KresoVranjes.jpg",150,200,false],"portraits":["https:\/\/www.ljportal.com\/osmrtnice\/wp-content\/uploads\/2023\/11\/KresoVranjes.jpg",150,200,false],"thumbnail":["https:\/\/www.ljportal.com\/osmrtnice\/wp-content\/uploads\/2023\/11\/KresoVranjes-150x150.jpg",150,150,true],"medium":["https:\/\/www.ljportal.com\/osmrtnice\/wp-content\/uploads\/2023\/11\/KresoVranjes.jpg",150,200,false],"large":["https:\/\/www.ljportal.com\/osmrtnice\/wp-content\/uploads\/2023\/11\/KresoVranjes.jpg",150,200,false],"1536x1536":["https:\/\/www.ljportal.com\/osmrtnice\/wp-content\/uploads\/2023\/11\/KresoVranjes.jpg",150,200,false],"2048x2048":["https:\/\/www.ljportal.com\/osmrtnice\/wp-content\/uploads\/2023\/11\/KresoVranjes.jpg",150,200,false],"post-thumbnail":["https:\/\/www.ljportal.com\/osmrtnice\/wp-content\/uploads\/2023\/11\/KresoVranjes.jpg",150,200,false],"poseidon-header-image":["https:\/\/www.ljportal.com\/osmrtnice\/wp-content\/uploads\/2023\/11\/KresoVranjes.jpg",150,200,false],"poseidon-thumbnail-small":["https:\/\/www.ljportal.com\/osmrtnice\/wp-content\/uploads\/2023\/11\/KresoVranjes-120x80.jpg",120,80,true],"poseidon-thumbnail-medium":["https:\/\/www.ljportal.com\/osmrtnice\/wp-content\/uploads\/2023\/11\/KresoVranjes.jpg",150,200,false],"poseidon-thumbnail-large":["https:\/\/www.ljportal.com\/osmrtnice\/wp-content\/uploads\/2023\/11\/KresoVranjes.jpg",150,200,false],"poseidon-thumbnail-single":["https:\/\/www.ljportal.com\/osmrtnice\/wp-content\/uploads\/2023\/11\/KresoVranjes.jpg",150,200,false],"rt_custom":["https:\/\/www.ljportal.com\/osmrtnice\/wp-content\/uploads\/2023\/11\/KresoVranjes.jpg",150,200,false]},"rttpg_author":{"display_name":"Osmrtnice Ljubuski","author_link":"https:\/\/www.ljportal.com\/osmrtnice\/author\/bubalo\/"},"rttpg_comment":0,"rttpg_category":"<a href=\"https:\/\/www.ljportal.com\/osmrtnice\/category\/sjecanja\/\" rel=\"category tag\">Sje\u0107anje<\/a>","rttpg_excerpt":null,"_links":{"self":[{"href":"https:\/\/www.ljportal.com\/osmrtnice\/wp-json\/wp\/v2\/posts\/15804","targetHints":{"allow":["GET"]}}],"collection":[{"href":"https:\/\/www.ljportal.com\/osmrtnice\/wp-json\/wp\/v2\/posts"}],"about":[{"href":"https:\/\/www.ljportal.com\/osmrtnice\/wp-json\/wp\/v2\/types\/post"}],"author":[{"embeddable":true,"href":"https:\/\/www.ljportal.com\/osmrtnice\/wp-json\/wp\/v2\/users\/2"}],"replies":[{"embeddable":true,"href":"https:\/\/www.ljportal.com\/osmrtnice\/wp-json\/wp\/v2\/comments?post=15804"}],"version-history":[{"count":1,"href":"https:\/\/www.ljportal.com\/osmrtnice\/wp-json\/wp\/v2\/posts\/15804\/revisions"}],"predecessor-version":[{"id":15805,"href":"https:\/\/www.ljportal.com\/osmrtnice\/wp-json\/wp\/v2\/posts\/15804\/revisions\/15805"}],"wp:featuredmedia":[{"embeddable":true,"href":"https:\/\/www.ljportal.com\/osmrtnice\/wp-json\/wp\/v2\/media\/14901"}],"wp:attachment":[{"href":"https:\/\/www.ljportal.com\/osmrtnice\/wp-json\/wp\/v2\/media?parent=15804"}],"wp:term":[{"taxonomy":"category","embeddable":true,"href":"https:\/\/www.ljportal.com\/osmrtnice\/wp-json\/wp\/v2\/categories?post=15804"},{"taxonomy":"post_tag","embeddable":true,"href":"https:\/\/www.ljportal.com\/osmrtnice\/wp-json\/wp\/v2\/tags?post=15804"}],"curies":[{"name":"wp","href":"https:\/\/api.w.org\/{rel}","templated":true}]}}