{"id":18595,"date":"2025-01-10T08:59:44","date_gmt":"2025-01-10T07:59:44","guid":{"rendered":"https:\/\/www.ljportal.com\/osmrtnice\/?p=18595"},"modified":"2025-01-13T23:54:31","modified_gmt":"2025-01-13T22:54:31","slug":"miodrag-colina","status":"publish","type":"post","link":"https:\/\/www.ljportal.com\/osmrtnice\/miodrag-colina\/","title":{"rendered":"Miodrag \u010colina"},"content":{"rendered":"<p>Gospodine, tvojim se vjernima \u017eivot mijenja, a ne oduzima! Ja sam uskrsnu\u0107e i \u017eivot, tko u mene vjeruje, ako i umre \u017eivjet \u0107e. (Iv 11,26) Utje\u0161eni ovim Isusovim rije\u010dima, javljamo rodbini, prijateljima i znancima da je na\u0161 dragi<\/p>\n<p><img loading=\"lazy\" decoding=\"async\" class=\"alignnone size-full wp-image-18596\" src=\"https:\/\/www.ljportal.com\/osmrtnice\/wp-content\/uploads\/2025\/01\/miodrag-colina.jpg\" alt=\"\" width=\"150\" height=\"200\" \/><br \/>\n<strong>MIODRAG \u010cOLINA pok. Ivana<\/strong><br \/>\n<strong>1963.-2025.<\/strong><\/p>\n<p>blago u Gospodinu preminuo u Be\u010du (Austrija), srijeda 8. sije\u010dnja 2025. godine u svojoj 63. godini \u017eivota. Sprovodni obred i pokop \u0107e se obaviti na Novom gradskom groblju Predgra\u0111e &#8211; Ljubu\u0161ki, subota 11. sije\u010dnja<br \/>\n2025. godine u 15 sati. Obitelj prima izraze su\u0107uti u mrtva\u010dnici na groblju od 14 sati.<\/p>\n<p><strong>O\u017dALO\u0160\u0106ENI:<br \/>\n<\/strong>supruga VALENTINA, sin TONI, nevjeste: MILA i DIANA, ne\u0107aci: KARLO i IVAN, ne\u0107akinja EMMA, punac ANTE, \u0161ura ALEN sa suprugom LADISLAVOM, obitelji: \u010cOLINA, HULJEV, BORAS, GALI\u0106 i SLI\u0160KO te ostala rodbina i prijatelji.<\/p>\n<p><strong>PO\u010cIVAO U MIRU BO\u017dJEM!<\/strong><\/p>\n","protected":false},"excerpt":{"rendered":"","protected":false},"author":2,"featured_media":18597,"comment_status":"closed","ping_status":"closed","sticky":false,"template":"","format":"standard","meta":{"footnotes":""},"categories":[7],"tags":[17],"class_list":["post-18595","post","type-post","status-publish","format-standard","has-post-thumbnail","hentry","category-osmrtnice","tag-boras"],"rttpg_featured_image_url":{"full":["https:\/\/www.ljportal.com\/osmrtnice\/wp-content\/uploads\/2025\/01\/miodrag-colina-1.jpg",150,200,false],"landscape":["https:\/\/www.ljportal.com\/osmrtnice\/wp-content\/uploads\/2025\/01\/miodrag-colina-1.jpg",150,200,false],"portraits":["https:\/\/www.ljportal.com\/osmrtnice\/wp-content\/uploads\/2025\/01\/miodrag-colina-1.jpg",150,200,false],"thumbnail":["https:\/\/www.ljportal.com\/osmrtnice\/wp-content\/uploads\/2025\/01\/miodrag-colina-1-150x150.jpg",150,150,true],"medium":["https:\/\/www.ljportal.com\/osmrtnice\/wp-content\/uploads\/2025\/01\/miodrag-colina-1.jpg",150,200,false],"large":["https:\/\/www.ljportal.com\/osmrtnice\/wp-content\/uploads\/2025\/01\/miodrag-colina-1.jpg",150,200,false],"1536x1536":["https:\/\/www.ljportal.com\/osmrtnice\/wp-content\/uploads\/2025\/01\/miodrag-colina-1.jpg",150,200,false],"2048x2048":["https:\/\/www.ljportal.com\/osmrtnice\/wp-content\/uploads\/2025\/01\/miodrag-colina-1.jpg",150,200,false],"post-thumbnail":["https:\/\/www.ljportal.com\/osmrtnice\/wp-content\/uploads\/2025\/01\/miodrag-colina-1.jpg",150,200,false],"poseidon-header-image":["https:\/\/www.ljportal.com\/osmrtnice\/wp-content\/uploads\/2025\/01\/miodrag-colina-1.jpg",150,200,false],"poseidon-thumbnail-small":["https:\/\/www.ljportal.com\/osmrtnice\/wp-content\/uploads\/2025\/01\/miodrag-colina-1-120x80.jpg",120,80,true],"poseidon-thumbnail-medium":["https:\/\/www.ljportal.com\/osmrtnice\/wp-content\/uploads\/2025\/01\/miodrag-colina-1.jpg",150,200,false],"poseidon-thumbnail-large":["https:\/\/www.ljportal.com\/osmrtnice\/wp-content\/uploads\/2025\/01\/miodrag-colina-1.jpg",150,200,false],"poseidon-thumbnail-single":["https:\/\/www.ljportal.com\/osmrtnice\/wp-content\/uploads\/2025\/01\/miodrag-colina-1.jpg",150,200,false],"rt_custom":["https:\/\/www.ljportal.com\/osmrtnice\/wp-content\/uploads\/2025\/01\/miodrag-colina-1.jpg",150,200,false]},"rttpg_author":{"display_name":"Osmrtnice Ljubuski","author_link":"https:\/\/www.ljportal.com\/osmrtnice\/author\/bubalo\/"},"rttpg_comment":0,"rttpg_category":"<a href=\"https:\/\/www.ljportal.com\/osmrtnice\/category\/osmrtnice\/\" rel=\"category tag\">Osmrtnice<\/a>","rttpg_excerpt":null,"_links":{"self":[{"href":"https:\/\/www.ljportal.com\/osmrtnice\/wp-json\/wp\/v2\/posts\/18595","targetHints":{"allow":["GET"]}}],"collection":[{"href":"https:\/\/www.ljportal.com\/osmrtnice\/wp-json\/wp\/v2\/posts"}],"about":[{"href":"https:\/\/www.ljportal.com\/osmrtnice\/wp-json\/wp\/v2\/types\/post"}],"author":[{"embeddable":true,"href":"https:\/\/www.ljportal.com\/osmrtnice\/wp-json\/wp\/v2\/users\/2"}],"replies":[{"embeddable":true,"href":"https:\/\/www.ljportal.com\/osmrtnice\/wp-json\/wp\/v2\/comments?post=18595"}],"version-history":[{"count":3,"href":"https:\/\/www.ljportal.com\/osmrtnice\/wp-json\/wp\/v2\/posts\/18595\/revisions"}],"predecessor-version":[{"id":18603,"href":"https:\/\/www.ljportal.com\/osmrtnice\/wp-json\/wp\/v2\/posts\/18595\/revisions\/18603"}],"wp:featuredmedia":[{"embeddable":true,"href":"https:\/\/www.ljportal.com\/osmrtnice\/wp-json\/wp\/v2\/media\/18597"}],"wp:attachment":[{"href":"https:\/\/www.ljportal.com\/osmrtnice\/wp-json\/wp\/v2\/media?parent=18595"}],"wp:term":[{"taxonomy":"category","embeddable":true,"href":"https:\/\/www.ljportal.com\/osmrtnice\/wp-json\/wp\/v2\/categories?post=18595"},{"taxonomy":"post_tag","embeddable":true,"href":"https:\/\/www.ljportal.com\/osmrtnice\/wp-json\/wp\/v2\/tags?post=18595"}],"curies":[{"name":"wp","href":"https:\/\/api.w.org\/{rel}","templated":true}]}}