{"id":18638,"date":"2025-01-16T06:40:25","date_gmt":"2025-01-16T05:40:25","guid":{"rendered":"https:\/\/www.ljportal.com\/osmrtnice\/?p=18638"},"modified":"2025-01-16T08:47:05","modified_gmt":"2025-01-16T07:47:05","slug":"mirko-granic","status":"publish","type":"post","link":"https:\/\/www.ljportal.com\/osmrtnice\/mirko-granic\/","title":{"rendered":"Mirko Grani\u0107"},"content":{"rendered":"<p>\u02ddJa sam uskrsnu\u0107e i \u017eivot: Tko u mene vjeruje, ako i umre \u017eivjet \u0107e\u02dd\u00a8(Iv 11,26). Utje\u0161eni ovim Isusovim rije\u010dima javljamo svoj rodbini, prijateljima i znancima da je na\u0161 dragi<br \/>\n<img decoding=\"async\" src=\"https:\/\/www.ljportal.com\/osmrtnice\/wp-content\/uploads\/2025\/01\/MirkoGranic.png\" \/><br \/>\n<strong>MIRKO GRANI\u0106 (pok. Mate)<\/strong><br \/>\n<strong>1937. &#8211; 2025.<br \/>\n<\/strong><br \/>\nblago u Gospodinu preminuo dana 15.01.2025. godine u 88-oj godini \u017eivota. Sprovodni obred i pokop obaviti \u0107e se na groblju PODVALE-Va\u0161arovi\u0107i u petak 17.01.2025. godine u 14 sati. Obitelj prima izraze su\u0107uti od 13 sati u crkvi u Va\u0161arovi\u0107ima.<\/p>\n<p><strong>O\u017dALO\u0160\u0106ENI:<\/strong><br \/>\nsupruga VILKA, sin ZORAN, k\u0107eri: ANA, MIRJANA, ANTONIJA i ZORICA, zetovi: PERO, STANKO, IMRE i ROBERT, unu\u010dad: PETRA s obitelji, DANIEL s obitelji, KLARA s obitelji, NEVENA, MATEJ, BARBARA, BERISLAV, VITA, MARKO i MATIJA, praunu\u010dad: MATEO, BRUNA, SARA, DAMIR i MARLA-KATARINA, sestre: ANICA i MILA s obiteljima, obitelji: GRANI\u0106, MIHALJEVI\u0106, \u010cE\u0160LJAR, BA\u0160I\u0106, \u0160UVEGE\u0160, SILVA\u0160I, BEBEK, ALILOVI\u0106, BEBI\u0106, PIVAC, PRIMORAC i DRU\u017dI\u0106, te ostala tuguju\u0107a rodbina i prijatelji.<\/p>\n<p><strong>PO\u010cIVAO U MIRU BO\u017dJEM !<\/strong><\/p>\n<div class=\"thanks_button_div\" \n                  style=\"display: inline-block;\"><div id=\"thanksButtonDiv_18638_1\" style=\"background-image:url(http:\/\/www.osmrtnice.ljportal.com\/wp-content\/uploads\/2018\/02\/zapali_svijecu_1.png); background-repeat:no-repeat; float: left; display: inline;\"\n                onmouseover=\"javascript:thankYouChangeButtonImage('thanksButtonDiv_18638_1', true);\" \n                onmouseout=\"javascript:thankYouChangeButtonImage('thanksButtonDiv_18638_1', false);\"\n                onclick=\"javascript:thankYouChangeButtonImage('thanksButtonDiv_18638_1', false);\" >\n                <input type=\"button\" onclick=\"thankYouButtonClick(18638, 'Ve\u0107 ste zapalili svije\u0107u')\" value=\"Zapali svije\u0107u ~ 957\"\n                  class=\"thanks_button thanks_custom \"\n                  style=\"width:250px; height:50px; font-family: Verdana, Arial, Sans-Serif; font-size: 14px; font-weight: normal;; color:#000;\"\n                  id=\"thanksButton_18638_1\" title=\"Zapali svije\u0107u\"\/>\n             <\/div><div id=\"ajax_loader_18638_1\" style=\"display:inline;visibility: hidden;\"><img decoding=\"async\" alt=\"ajax loader\" src=\"https:\/\/www.ljportal.com\/osmrtnice\/wp-content\/plugins\/thanks-you-counter-button\/images\/ajax-loader.gif\" \/><\/div><\/div>","protected":false},"excerpt":{"rendered":"","protected":false},"author":2,"featured_media":18639,"comment_status":"closed","ping_status":"closed","sticky":false,"template":"","format":"standard","meta":{"footnotes":""},"categories":[7],"tags":[18],"class_list":["post-18638","post","type-post","status-publish","format-standard","has-post-thumbnail","hentry","category-osmrtnice","tag-viktorija"],"rttpg_featured_image_url":{"full":["https:\/\/www.ljportal.com\/osmrtnice\/wp-content\/uploads\/2025\/01\/MirkoGranic.png",150,200,false],"landscape":["https:\/\/www.ljportal.com\/osmrtnice\/wp-content\/uploads\/2025\/01\/MirkoGranic.png",150,200,false],"portraits":["https:\/\/www.ljportal.com\/osmrtnice\/wp-content\/uploads\/2025\/01\/MirkoGranic.png",150,200,false],"thumbnail":["https:\/\/www.ljportal.com\/osmrtnice\/wp-content\/uploads\/2025\/01\/MirkoGranic-150x150.png",150,150,true],"medium":["https:\/\/www.ljportal.com\/osmrtnice\/wp-content\/uploads\/2025\/01\/MirkoGranic.png",150,200,false],"large":["https:\/\/www.ljportal.com\/osmrtnice\/wp-content\/uploads\/2025\/01\/MirkoGranic.png",150,200,false],"1536x1536":["https:\/\/www.ljportal.com\/osmrtnice\/wp-content\/uploads\/2025\/01\/MirkoGranic.png",150,200,false],"2048x2048":["https:\/\/www.ljportal.com\/osmrtnice\/wp-content\/uploads\/2025\/01\/MirkoGranic.png",150,200,false],"post-thumbnail":["https:\/\/www.ljportal.com\/osmrtnice\/wp-content\/uploads\/2025\/01\/MirkoGranic.png",150,200,false],"poseidon-header-image":["https:\/\/www.ljportal.com\/osmrtnice\/wp-content\/uploads\/2025\/01\/MirkoGranic.png",150,200,false],"poseidon-thumbnail-small":["https:\/\/www.ljportal.com\/osmrtnice\/wp-content\/uploads\/2025\/01\/MirkoGranic-120x80.png",120,80,true],"poseidon-thumbnail-medium":["https:\/\/www.ljportal.com\/osmrtnice\/wp-content\/uploads\/2025\/01\/MirkoGranic.png",150,200,false],"poseidon-thumbnail-large":["https:\/\/www.ljportal.com\/osmrtnice\/wp-content\/uploads\/2025\/01\/MirkoGranic.png",150,200,false],"poseidon-thumbnail-single":["https:\/\/www.ljportal.com\/osmrtnice\/wp-content\/uploads\/2025\/01\/MirkoGranic.png",150,200,false],"rt_custom":["https:\/\/www.ljportal.com\/osmrtnice\/wp-content\/uploads\/2025\/01\/MirkoGranic.png",150,200,false]},"rttpg_author":{"display_name":"Osmrtnice Ljubuski","author_link":"https:\/\/www.ljportal.com\/osmrtnice\/author\/bubalo\/"},"rttpg_comment":0,"rttpg_category":"<a href=\"https:\/\/www.ljportal.com\/osmrtnice\/category\/osmrtnice\/\" rel=\"category tag\">Osmrtnice<\/a>","rttpg_excerpt":null,"_links":{"self":[{"href":"https:\/\/www.ljportal.com\/osmrtnice\/wp-json\/wp\/v2\/posts\/18638","targetHints":{"allow":["GET"]}}],"collection":[{"href":"https:\/\/www.ljportal.com\/osmrtnice\/wp-json\/wp\/v2\/posts"}],"about":[{"href":"https:\/\/www.ljportal.com\/osmrtnice\/wp-json\/wp\/v2\/types\/post"}],"author":[{"embeddable":true,"href":"https:\/\/www.ljportal.com\/osmrtnice\/wp-json\/wp\/v2\/users\/2"}],"replies":[{"embeddable":true,"href":"https:\/\/www.ljportal.com\/osmrtnice\/wp-json\/wp\/v2\/comments?post=18638"}],"version-history":[{"count":1,"href":"https:\/\/www.ljportal.com\/osmrtnice\/wp-json\/wp\/v2\/posts\/18638\/revisions"}],"predecessor-version":[{"id":18640,"href":"https:\/\/www.ljportal.com\/osmrtnice\/wp-json\/wp\/v2\/posts\/18638\/revisions\/18640"}],"wp:featuredmedia":[{"embeddable":true,"href":"https:\/\/www.ljportal.com\/osmrtnice\/wp-json\/wp\/v2\/media\/18639"}],"wp:attachment":[{"href":"https:\/\/www.ljportal.com\/osmrtnice\/wp-json\/wp\/v2\/media?parent=18638"}],"wp:term":[{"taxonomy":"category","embeddable":true,"href":"https:\/\/www.ljportal.com\/osmrtnice\/wp-json\/wp\/v2\/categories?post=18638"},{"taxonomy":"post_tag","embeddable":true,"href":"https:\/\/www.ljportal.com\/osmrtnice\/wp-json\/wp\/v2\/tags?post=18638"}],"curies":[{"name":"wp","href":"https:\/\/api.w.org\/{rel}","templated":true}]}}