{"id":18765,"date":"2025-01-31T10:58:16","date_gmt":"2025-01-31T09:58:16","guid":{"rendered":"https:\/\/www.ljportal.com\/osmrtnice\/?p=18765"},"modified":"2026-01-29T00:08:21","modified_gmt":"2026-01-28T23:08:21","slug":"mila-tolj","status":"publish","type":"post","link":"https:\/\/www.ljportal.com\/osmrtnice\/mila-tolj\/","title":{"rendered":"Mila Tolj"},"content":{"rendered":"<p>Gospodine, tvojim se vjernima \u017eivot mijenja, a ne oduzima! Ja sam uskrsnu\u0107e i \u017eivot, tko u mene vjeruje, ako i umre \u017eivjet \u0107e. (Iv 11,26) Utje\u0161eni ovim Isusovim rije\u010dima, javljamo rodbini, prijateljima i znancima da je na\u0161a draga<\/p>\n<p><strong><img decoding=\"async\" src=\"https:\/\/www.ljportal.com\/osmrtnice\/wp-content\/uploads\/2025\/01\/MilaTolj.png\" \/><\/strong><\/p>\n<p><strong>MILA TOLJ pok. Joze<\/strong><br \/>\n<strong>1937.-2025.<\/strong><\/p>\n<p>blago u Gospodinu preminula u \u010cepinu &#8211; Osijek, utorak 28. sije\u010dnja 2025. godine u svojoj 88-oj godini \u017eivota. Sprovodni obred i pokop \u0107e se obaviti na mjesnom groblju Greda, subota 01. velja\u010de 2025. godine u 14 sati. Obitelj prima izraze su\u0107uti u kapelici na groblju od 13 sati.<\/p>\n<p><strong>O\u017dALO\u0160\u0106ENI:<\/strong><\/p>\n<p>djeca s obitelji te ostala rodbina i prijatelji.<\/p>\n<p><strong>PO\u010cIVALA U MIRU BO\u017dJEM !<\/strong><\/p>\n<div class=\"thanks_button_div\" \n                  style=\"display: inline-block;\"><div id=\"thanksButtonDiv_18765_1\" style=\"background-image:url(http:\/\/www.osmrtnice.ljportal.com\/wp-content\/uploads\/2018\/02\/zapali_svijecu_1.png); background-repeat:no-repeat; float: left; display: inline;\"\n                onmouseover=\"javascript:thankYouChangeButtonImage('thanksButtonDiv_18765_1', true);\" \n                onmouseout=\"javascript:thankYouChangeButtonImage('thanksButtonDiv_18765_1', false);\"\n                onclick=\"javascript:thankYouChangeButtonImage('thanksButtonDiv_18765_1', false);\" >\n                <input type=\"button\" onclick=\"thankYouButtonClick(18765, 'Ve\u0107 ste zapalili svije\u0107u')\" value=\"Zapali svije\u0107u ~ 932\"\n                  class=\"thanks_button thanks_custom \"\n                  style=\"width:250px; height:50px; font-family: Verdana, Arial, Sans-Serif; font-size: 14px; font-weight: normal;; color:#000;\"\n                  id=\"thanksButton_18765_1\" title=\"Zapali svije\u0107u\"\/>\n             <\/div><div id=\"ajax_loader_18765_1\" style=\"display:inline;visibility: hidden;\"><img decoding=\"async\" alt=\"ajax loader\" src=\"https:\/\/www.ljportal.com\/osmrtnice\/wp-content\/plugins\/thanks-you-counter-button\/images\/ajax-loader.gif\" \/><\/div><\/div>","protected":false},"excerpt":{"rendered":"","protected":false},"author":2,"featured_media":18766,"comment_status":"closed","ping_status":"closed","sticky":false,"template":"","format":"standard","meta":{"footnotes":""},"categories":[7],"tags":[17],"class_list":["post-18765","post","type-post","status-publish","format-standard","has-post-thumbnail","hentry","category-osmrtnice","tag-boras"],"rttpg_featured_image_url":{"full":["https:\/\/www.ljportal.com\/osmrtnice\/wp-content\/uploads\/2025\/01\/MilaTolj.png",150,200,false],"landscape":["https:\/\/www.ljportal.com\/osmrtnice\/wp-content\/uploads\/2025\/01\/MilaTolj.png",150,200,false],"portraits":["https:\/\/www.ljportal.com\/osmrtnice\/wp-content\/uploads\/2025\/01\/MilaTolj.png",150,200,false],"thumbnail":["https:\/\/www.ljportal.com\/osmrtnice\/wp-content\/uploads\/2025\/01\/MilaTolj-150x150.png",150,150,true],"medium":["https:\/\/www.ljportal.com\/osmrtnice\/wp-content\/uploads\/2025\/01\/MilaTolj.png",150,200,false],"large":["https:\/\/www.ljportal.com\/osmrtnice\/wp-content\/uploads\/2025\/01\/MilaTolj.png",150,200,false],"1536x1536":["https:\/\/www.ljportal.com\/osmrtnice\/wp-content\/uploads\/2025\/01\/MilaTolj.png",150,200,false],"2048x2048":["https:\/\/www.ljportal.com\/osmrtnice\/wp-content\/uploads\/2025\/01\/MilaTolj.png",150,200,false],"post-thumbnail":["https:\/\/www.ljportal.com\/osmrtnice\/wp-content\/uploads\/2025\/01\/MilaTolj.png",150,200,false],"poseidon-header-image":["https:\/\/www.ljportal.com\/osmrtnice\/wp-content\/uploads\/2025\/01\/MilaTolj.png",150,200,false],"poseidon-thumbnail-small":["https:\/\/www.ljportal.com\/osmrtnice\/wp-content\/uploads\/2025\/01\/MilaTolj-120x80.png",120,80,true],"poseidon-thumbnail-medium":["https:\/\/www.ljportal.com\/osmrtnice\/wp-content\/uploads\/2025\/01\/MilaTolj.png",150,200,false],"poseidon-thumbnail-large":["https:\/\/www.ljportal.com\/osmrtnice\/wp-content\/uploads\/2025\/01\/MilaTolj.png",150,200,false],"poseidon-thumbnail-single":["https:\/\/www.ljportal.com\/osmrtnice\/wp-content\/uploads\/2025\/01\/MilaTolj.png",150,200,false],"rt_custom":["https:\/\/www.ljportal.com\/osmrtnice\/wp-content\/uploads\/2025\/01\/MilaTolj.png",150,200,false]},"rttpg_author":{"display_name":"Osmrtnice Ljubuski","author_link":"https:\/\/www.ljportal.com\/osmrtnice\/author\/bubalo\/"},"rttpg_comment":0,"rttpg_category":"<a href=\"https:\/\/www.ljportal.com\/osmrtnice\/category\/osmrtnice\/\" rel=\"category tag\">Osmrtnice<\/a>","rttpg_excerpt":null,"_links":{"self":[{"href":"https:\/\/www.ljportal.com\/osmrtnice\/wp-json\/wp\/v2\/posts\/18765","targetHints":{"allow":["GET"]}}],"collection":[{"href":"https:\/\/www.ljportal.com\/osmrtnice\/wp-json\/wp\/v2\/posts"}],"about":[{"href":"https:\/\/www.ljportal.com\/osmrtnice\/wp-json\/wp\/v2\/types\/post"}],"author":[{"embeddable":true,"href":"https:\/\/www.ljportal.com\/osmrtnice\/wp-json\/wp\/v2\/users\/2"}],"replies":[{"embeddable":true,"href":"https:\/\/www.ljportal.com\/osmrtnice\/wp-json\/wp\/v2\/comments?post=18765"}],"version-history":[{"count":2,"href":"https:\/\/www.ljportal.com\/osmrtnice\/wp-json\/wp\/v2\/posts\/18765\/revisions"}],"predecessor-version":[{"id":21785,"href":"https:\/\/www.ljportal.com\/osmrtnice\/wp-json\/wp\/v2\/posts\/18765\/revisions\/21785"}],"wp:featuredmedia":[{"embeddable":true,"href":"https:\/\/www.ljportal.com\/osmrtnice\/wp-json\/wp\/v2\/media\/18766"}],"wp:attachment":[{"href":"https:\/\/www.ljportal.com\/osmrtnice\/wp-json\/wp\/v2\/media?parent=18765"}],"wp:term":[{"taxonomy":"category","embeddable":true,"href":"https:\/\/www.ljportal.com\/osmrtnice\/wp-json\/wp\/v2\/categories?post=18765"},{"taxonomy":"post_tag","embeddable":true,"href":"https:\/\/www.ljportal.com\/osmrtnice\/wp-json\/wp\/v2\/tags?post=18765"}],"curies":[{"name":"wp","href":"https:\/\/api.w.org\/{rel}","templated":true}]}}