{"id":19263,"date":"2025-04-02T11:45:14","date_gmt":"2025-04-02T09:45:14","guid":{"rendered":"https:\/\/www.ljportal.com\/osmrtnice\/?p=19263"},"modified":"2025-04-02T11:45:26","modified_gmt":"2025-04-02T09:45:26","slug":"kata-prusina","status":"publish","type":"post","link":"https:\/\/www.ljportal.com\/osmrtnice\/kata-prusina\/","title":{"rendered":"Kata Prusina"},"content":{"rendered":"<p>Gospodine, Tvojim se vjernima \u017eivot mijenja, a ne oduzima! \u201cJa sam uskrsnu\u0107e i \u017eivot tko u mene vjeruje, ako i umre \u017eivjet \u0107e!\u201d(Iv 11,26) Utje\u0161eni ovim Isusovim rije\u010dima javljamo svoj rodbini, prijateljima i znancima<br \/>\nda je na\u0161a draga majka, baka, prabaka i svekrva<\/p>\n<p><strong><img decoding=\"async\" src=\"https:\/\/www.ljportal.com\/osmrtnice\/wp-content\/uploads\/2025\/04\/KataPrusina.png\" \/><br \/>\nKATA PRUSINA ro\u0111. \u0106ori\u0107<\/strong><br \/>\n<strong>1930.-2025.<\/strong><\/p>\n<p>u utorak, 02. travnja 2025. godine u 96. godini \u017eivota, opremljena svetim sakramentima,<br \/>\nblago u Gospodinu preminula. Ispra\u0107aj i ukop na\u0161e drage pokojnice bit \u0107e<br \/>\nu \u010detvrtak, 03. travnja 2025. godine u 16:00 sati na \u201dNOVOM GROBLJU-HUMAC\u201c,<br \/>\ngdje \u0107e obitelj primati su\u0107ut od 15:00 sati.<\/p>\n<p><strong>O\u017dALO\u0160\u0106ENI:<\/strong><br \/>\nsin DRAGAN, nevjeste: ANA i MIRA, unu\u010dad: TINO, MAJA, ELIJA, ANDREA, KATARINA-JOSIPA<br \/>\ni don PAVAO, praunu\u010dad: DAVID, KATJA, MARIA, JOSIP, MARO, BRUNO, GORAN, NIKO, ANA,<br \/>\nMARKO, KARLO i MONIKA.<\/p>\n<p><strong>PO\u010cIVALA U MIRU BO\u017dJEM!<\/strong><\/p>\n<div class=\"thanks_button_div\" \n                  style=\"display: inline-block;\"><div id=\"thanksButtonDiv_19263_1\" style=\"background-image:url(http:\/\/www.osmrtnice.ljportal.com\/wp-content\/uploads\/2018\/02\/zapali_svijecu_1.png); background-repeat:no-repeat; float: left; display: inline;\"\n                onmouseover=\"javascript:thankYouChangeButtonImage('thanksButtonDiv_19263_1', true);\" \n                onmouseout=\"javascript:thankYouChangeButtonImage('thanksButtonDiv_19263_1', false);\"\n                onclick=\"javascript:thankYouChangeButtonImage('thanksButtonDiv_19263_1', false);\" >\n                <input type=\"button\" onclick=\"thankYouButtonClick(19263, 'Ve\u0107 ste zapalili svije\u0107u')\" value=\"Zapali svije\u0107u ~ 1468\"\n                  class=\"thanks_button thanks_custom \"\n                  style=\"width:250px; height:50px; font-family: Verdana, Arial, Sans-Serif; font-size: 14px; font-weight: normal;; color:#000;\"\n                  id=\"thanksButton_19263_1\" title=\"Zapali svije\u0107u\"\/>\n             <\/div><div id=\"ajax_loader_19263_1\" style=\"display:inline;visibility: hidden;\"><img decoding=\"async\" alt=\"ajax loader\" src=\"https:\/\/www.ljportal.com\/osmrtnice\/wp-content\/plugins\/thanks-you-counter-button\/images\/ajax-loader.gif\" \/><\/div><\/div>","protected":false},"excerpt":{"rendered":"","protected":false},"author":2,"featured_media":19264,"comment_status":"closed","ping_status":"closed","sticky":false,"template":"","format":"standard","meta":{"footnotes":""},"categories":[7],"tags":[19],"class_list":["post-19263","post","type-post","status-publish","format-standard","has-post-thumbnail","hentry","category-osmrtnice","tag-grubisic"],"rttpg_featured_image_url":{"full":["https:\/\/www.ljportal.com\/osmrtnice\/wp-content\/uploads\/2025\/04\/KataPrusina.png",150,200,false],"landscape":["https:\/\/www.ljportal.com\/osmrtnice\/wp-content\/uploads\/2025\/04\/KataPrusina.png",150,200,false],"portraits":["https:\/\/www.ljportal.com\/osmrtnice\/wp-content\/uploads\/2025\/04\/KataPrusina.png",150,200,false],"thumbnail":["https:\/\/www.ljportal.com\/osmrtnice\/wp-content\/uploads\/2025\/04\/KataPrusina-150x150.png",150,150,true],"medium":["https:\/\/www.ljportal.com\/osmrtnice\/wp-content\/uploads\/2025\/04\/KataPrusina.png",150,200,false],"large":["https:\/\/www.ljportal.com\/osmrtnice\/wp-content\/uploads\/2025\/04\/KataPrusina.png",150,200,false],"1536x1536":["https:\/\/www.ljportal.com\/osmrtnice\/wp-content\/uploads\/2025\/04\/KataPrusina.png",150,200,false],"2048x2048":["https:\/\/www.ljportal.com\/osmrtnice\/wp-content\/uploads\/2025\/04\/KataPrusina.png",150,200,false],"post-thumbnail":["https:\/\/www.ljportal.com\/osmrtnice\/wp-content\/uploads\/2025\/04\/KataPrusina.png",150,200,false],"poseidon-header-image":["https:\/\/www.ljportal.com\/osmrtnice\/wp-content\/uploads\/2025\/04\/KataPrusina.png",150,200,false],"poseidon-thumbnail-small":["https:\/\/www.ljportal.com\/osmrtnice\/wp-content\/uploads\/2025\/04\/KataPrusina-120x80.png",120,80,true],"poseidon-thumbnail-medium":["https:\/\/www.ljportal.com\/osmrtnice\/wp-content\/uploads\/2025\/04\/KataPrusina.png",150,200,false],"poseidon-thumbnail-large":["https:\/\/www.ljportal.com\/osmrtnice\/wp-content\/uploads\/2025\/04\/KataPrusina.png",150,200,false],"poseidon-thumbnail-single":["https:\/\/www.ljportal.com\/osmrtnice\/wp-content\/uploads\/2025\/04\/KataPrusina.png",150,200,false],"rt_custom":["https:\/\/www.ljportal.com\/osmrtnice\/wp-content\/uploads\/2025\/04\/KataPrusina.png",150,200,false]},"rttpg_author":{"display_name":"Osmrtnice Ljubuski","author_link":"https:\/\/www.ljportal.com\/osmrtnice\/author\/bubalo\/"},"rttpg_comment":0,"rttpg_category":"<a href=\"https:\/\/www.ljportal.com\/osmrtnice\/category\/osmrtnice\/\" rel=\"category tag\">Osmrtnice<\/a>","rttpg_excerpt":null,"_links":{"self":[{"href":"https:\/\/www.ljportal.com\/osmrtnice\/wp-json\/wp\/v2\/posts\/19263","targetHints":{"allow":["GET"]}}],"collection":[{"href":"https:\/\/www.ljportal.com\/osmrtnice\/wp-json\/wp\/v2\/posts"}],"about":[{"href":"https:\/\/www.ljportal.com\/osmrtnice\/wp-json\/wp\/v2\/types\/post"}],"author":[{"embeddable":true,"href":"https:\/\/www.ljportal.com\/osmrtnice\/wp-json\/wp\/v2\/users\/2"}],"replies":[{"embeddable":true,"href":"https:\/\/www.ljportal.com\/osmrtnice\/wp-json\/wp\/v2\/comments?post=19263"}],"version-history":[{"count":2,"href":"https:\/\/www.ljportal.com\/osmrtnice\/wp-json\/wp\/v2\/posts\/19263\/revisions"}],"predecessor-version":[{"id":19266,"href":"https:\/\/www.ljportal.com\/osmrtnice\/wp-json\/wp\/v2\/posts\/19263\/revisions\/19266"}],"wp:featuredmedia":[{"embeddable":true,"href":"https:\/\/www.ljportal.com\/osmrtnice\/wp-json\/wp\/v2\/media\/19264"}],"wp:attachment":[{"href":"https:\/\/www.ljportal.com\/osmrtnice\/wp-json\/wp\/v2\/media?parent=19263"}],"wp:term":[{"taxonomy":"category","embeddable":true,"href":"https:\/\/www.ljportal.com\/osmrtnice\/wp-json\/wp\/v2\/categories?post=19263"},{"taxonomy":"post_tag","embeddable":true,"href":"https:\/\/www.ljportal.com\/osmrtnice\/wp-json\/wp\/v2\/tags?post=19263"}],"curies":[{"name":"wp","href":"https:\/\/api.w.org\/{rel}","templated":true}]}}