{"id":22018,"date":"2026-02-17T08:51:29","date_gmt":"2026-02-17T07:51:29","guid":{"rendered":"https:\/\/www.ljportal.com\/osmrtnice\/?p=22018"},"modified":"2026-02-17T08:55:44","modified_gmt":"2026-02-17T07:55:44","slug":"anica-herceg-2","status":"publish","type":"post","link":"https:\/\/www.ljportal.com\/osmrtnice\/anica-herceg-2\/","title":{"rendered":"Anica Herceg"},"content":{"rendered":"<p>\u201cJa sam uskrsnu\u0107e i \u017eivot: tko u mene vjeruje, ako i umre \u017eivjet \u0107e!\u201d (Iv 11,26).<br \/>\nS vjerom u uskrsnu\u0107e i \u017eivot vje\u010dni zahvalni za svu ljubav koju nam je pru\u017eila, s tugom u<br \/>\nsrcu javljamo svoj rodbini, prijateljima i znancima da je na\u0161a voljena majka, baka i prabaka<\/p>\n<p><strong><img decoding=\"async\" src=\"https:\/\/www.ljportal.com\/osmrtnice\/wp-content\/uploads\/2026\/02\/AnicaHErceg.png\" \/><br \/>\nANICA HERCEG ro\u0111.Mihaljevi\u0107 ud. Stjepana<\/strong><br \/>\n<strong>1935.-2026.<\/strong><\/p>\n<p>blago usnula u Gospodinu dana, 16. velja\u010de 2026. godine u 91. godini \u017eivota. Posljednji ispra\u0107aj drage nam pokojnice \u0107e se obaviti u srijedu, 18. velja\u010de 2026. godine u 15:00 sati na mjesnom groblju \u201dKUKAVICE\u201c u CRVENOM GRMU, gdje \u0107e biti i pokop. Obitelj prima izraze su\u0107uti od 14:00 sati u mrtva\u010dnici groblja.<br \/>\nMolimo biti opro\u0161teni od ku\u0107nog \u017ealovanja.<\/p>\n<p><strong>O\u017dALO\u0160\u0106ENI:<\/strong><br \/>\nsin IVAN, k\u0107eri: JAGODA i MIRJANA, unu\u010dad: NEVENA s obitelji, ANA s obitelji, LUKA, IVANA, MARIJA i KRISTINA, praunu\u010dad: PATRIK i REA, nevjesta LJUBICA, zetovi: MATE i VLADO, obitelji pok. bra\u0107e: MARKA, MATE i IVANA, obitelji pok. sestara: KATE, JAKE, VESELKE i RU\u017dE, obitelj pok. zaove DELFE, o\u017ealo\u0161\u0107ene obitelji: HERCEG, MIHALJEVI\u0106, DODIG, NI\u017dI\u0106, DOMINIKOVI\u0106, KNE\u017dEVI\u0106, PERVAN i ostala tuguju\u0107a rodbina i prijatelji.<\/p>\n<p><strong>PO\u010cIVALA U MIRU BO\u017dJEM!<\/strong><\/p>\n<div class=\"thanks_button_div\" \n                  style=\"display: inline-block;\"><div id=\"thanksButtonDiv_22018_1\" style=\"background-image:url(http:\/\/www.osmrtnice.ljportal.com\/wp-content\/uploads\/2018\/02\/zapali_svijecu_1.png); background-repeat:no-repeat; float: left; display: inline;\"\n                onmouseover=\"javascript:thankYouChangeButtonImage('thanksButtonDiv_22018_1', true);\" \n                onmouseout=\"javascript:thankYouChangeButtonImage('thanksButtonDiv_22018_1', false);\"\n                onclick=\"javascript:thankYouChangeButtonImage('thanksButtonDiv_22018_1', false);\" >\n                <input type=\"button\" onclick=\"thankYouButtonClick(22018, 'Ve\u0107 ste zapalili svije\u0107u')\" value=\"Zapali svije\u0107u ~ 956\"\n                  class=\"thanks_button thanks_custom \"\n                  style=\"width:250px; height:50px; font-family: Verdana, Arial, Sans-Serif; font-size: 14px; font-weight: normal;; color:#000;\"\n                  id=\"thanksButton_22018_1\" title=\"Zapali svije\u0107u\"\/>\n             <\/div><div id=\"ajax_loader_22018_1\" style=\"display:inline;visibility: hidden;\"><img decoding=\"async\" alt=\"ajax loader\" src=\"https:\/\/www.ljportal.com\/osmrtnice\/wp-content\/plugins\/thanks-you-counter-button\/images\/ajax-loader.gif\" \/><\/div><\/div>","protected":false},"excerpt":{"rendered":"","protected":false},"author":2,"featured_media":22019,"comment_status":"closed","ping_status":"closed","sticky":false,"template":"","format":"standard","meta":{"footnotes":""},"categories":[7],"tags":[19],"class_list":["post-22018","post","type-post","status-publish","format-standard","has-post-thumbnail","hentry","category-osmrtnice","tag-grubisic"],"rttpg_featured_image_url":{"full":["https:\/\/www.ljportal.com\/osmrtnice\/wp-content\/uploads\/2026\/02\/AnicaHErceg.png",150,200,false],"landscape":["https:\/\/www.ljportal.com\/osmrtnice\/wp-content\/uploads\/2026\/02\/AnicaHErceg.png",150,200,false],"portraits":["https:\/\/www.ljportal.com\/osmrtnice\/wp-content\/uploads\/2026\/02\/AnicaHErceg.png",150,200,false],"thumbnail":["https:\/\/www.ljportal.com\/osmrtnice\/wp-content\/uploads\/2026\/02\/AnicaHErceg-150x150.png",150,150,true],"medium":["https:\/\/www.ljportal.com\/osmrtnice\/wp-content\/uploads\/2026\/02\/AnicaHErceg.png",150,200,false],"large":["https:\/\/www.ljportal.com\/osmrtnice\/wp-content\/uploads\/2026\/02\/AnicaHErceg.png",150,200,false],"1536x1536":["https:\/\/www.ljportal.com\/osmrtnice\/wp-content\/uploads\/2026\/02\/AnicaHErceg.png",150,200,false],"2048x2048":["https:\/\/www.ljportal.com\/osmrtnice\/wp-content\/uploads\/2026\/02\/AnicaHErceg.png",150,200,false],"post-thumbnail":["https:\/\/www.ljportal.com\/osmrtnice\/wp-content\/uploads\/2026\/02\/AnicaHErceg.png",150,200,false],"poseidon-header-image":["https:\/\/www.ljportal.com\/osmrtnice\/wp-content\/uploads\/2026\/02\/AnicaHErceg.png",150,200,false],"poseidon-thumbnail-small":["https:\/\/www.ljportal.com\/osmrtnice\/wp-content\/uploads\/2026\/02\/AnicaHErceg-120x80.png",120,80,true],"poseidon-thumbnail-medium":["https:\/\/www.ljportal.com\/osmrtnice\/wp-content\/uploads\/2026\/02\/AnicaHErceg.png",150,200,false],"poseidon-thumbnail-large":["https:\/\/www.ljportal.com\/osmrtnice\/wp-content\/uploads\/2026\/02\/AnicaHErceg.png",150,200,false],"poseidon-thumbnail-single":["https:\/\/www.ljportal.com\/osmrtnice\/wp-content\/uploads\/2026\/02\/AnicaHErceg.png",150,200,false],"rt_custom":["https:\/\/www.ljportal.com\/osmrtnice\/wp-content\/uploads\/2026\/02\/AnicaHErceg.png",150,200,false]},"rttpg_author":{"display_name":"Osmrtnice Ljubuski","author_link":"https:\/\/www.ljportal.com\/osmrtnice\/author\/bubalo\/"},"rttpg_comment":0,"rttpg_category":"<a href=\"https:\/\/www.ljportal.com\/osmrtnice\/category\/osmrtnice\/\" rel=\"category tag\">Osmrtnice<\/a>","rttpg_excerpt":null,"_links":{"self":[{"href":"https:\/\/www.ljportal.com\/osmrtnice\/wp-json\/wp\/v2\/posts\/22018","targetHints":{"allow":["GET"]}}],"collection":[{"href":"https:\/\/www.ljportal.com\/osmrtnice\/wp-json\/wp\/v2\/posts"}],"about":[{"href":"https:\/\/www.ljportal.com\/osmrtnice\/wp-json\/wp\/v2\/types\/post"}],"author":[{"embeddable":true,"href":"https:\/\/www.ljportal.com\/osmrtnice\/wp-json\/wp\/v2\/users\/2"}],"replies":[{"embeddable":true,"href":"https:\/\/www.ljportal.com\/osmrtnice\/wp-json\/wp\/v2\/comments?post=22018"}],"version-history":[{"count":3,"href":"https:\/\/www.ljportal.com\/osmrtnice\/wp-json\/wp\/v2\/posts\/22018\/revisions"}],"predecessor-version":[{"id":22022,"href":"https:\/\/www.ljportal.com\/osmrtnice\/wp-json\/wp\/v2\/posts\/22018\/revisions\/22022"}],"wp:featuredmedia":[{"embeddable":true,"href":"https:\/\/www.ljportal.com\/osmrtnice\/wp-json\/wp\/v2\/media\/22019"}],"wp:attachment":[{"href":"https:\/\/www.ljportal.com\/osmrtnice\/wp-json\/wp\/v2\/media?parent=22018"}],"wp:term":[{"taxonomy":"category","embeddable":true,"href":"https:\/\/www.ljportal.com\/osmrtnice\/wp-json\/wp\/v2\/categories?post=22018"},{"taxonomy":"post_tag","embeddable":true,"href":"https:\/\/www.ljportal.com\/osmrtnice\/wp-json\/wp\/v2\/tags?post=22018"}],"curies":[{"name":"wp","href":"https:\/\/api.w.org\/{rel}","templated":true}]}}