{"id":22024,"date":"2026-02-18T10:13:22","date_gmt":"2026-02-18T09:13:22","guid":{"rendered":"https:\/\/www.ljportal.com\/osmrtnice\/?p=22024"},"modified":"2026-02-18T10:27:17","modified_gmt":"2026-02-18T09:27:17","slug":"andelka-alilovic","status":"publish","type":"post","link":"https:\/\/www.ljportal.com\/osmrtnice\/andelka-alilovic\/","title":{"rendered":"An\u0111elka Alilovi\u0107"},"content":{"rendered":"<p>\u201cJa sam uskrsnu\u0107e i \u017eivot: tko u mene vjeruje, ako i umre \u017eivjet \u0107e!\u201d (Iv 11,26). Utje\u0161eni ovim Isusovim rije\u010dima javljamo svoj rodbini, prijateljima i znancima da je na\u0161a draga<\/p>\n<p><strong><img decoding=\"async\" src=\"https:\/\/www.ljportal.com\/osmrtnice\/wp-content\/uploads\/2026\/02\/AndjelkaAlilovic.png\" \/><br \/>\nAN\u00d0ELKA ALILOVI\u0106 ro\u0111. Mati\u0107 ud. IVANA<\/strong><br \/>\n<strong>1958.-2026.<\/strong><\/p>\n<p>nakon kra\u0107e bolesti preminula u srijedu, 18. 02. 2026. godine u 68. godini \u017eivota. Sprovodni obred po\u010dinje u \u010detvrtak, 19. 02. 2026. godine u 15:00 sati na mjesnom groblju \u201dSVETOG JOSIPA\u201c u DONJIM STUDENCIMA. Obitelj prima izraze su\u0107uti od 14:00 sati u kapelici groblja.<\/p>\n<p><strong>O\u017dALO\u0160\u0106ENI:<\/strong><br \/>\nsinovi: ANTONIO-TONO, MARIO-MA\u0160A, ZORAN i VICKO, nevjeste: ANITA, IVANA, IVANA i KLARA, unu\u010dad: ANTE, FRANKA, MATEJ, JOSIP, ANDRIJA, ANTEA i EVA, brat SLAVO s obitelji, sestra SLAVICA s obitelji, obitelj pok. brata NIKOLE, ujak ZDRAVKO s obitelji, obitelj pok. ujaka ANDRIJE, zaove: MARIJA s obitelji i DIJANA s obitelji, o\u017ealo\u0161\u0107ene obitelji: ALILOVI\u0106, MATI\u0106, MARI\u0106, RAGU\u017d, KOLOBARI\u0106, VUKANOVI\u0106, PERI\u0106, JONLIJA,<br \/>\nVASILJ, NUI\u0106 i ostala tuguju\u0107a rodbina i prijatelji.<\/p>\n<p><strong>PO\u010cIVALA U MIRU BO\u017dJEM!<\/strong><\/p>\n<div class=\"thanks_button_div\" \n                  style=\"display: inline-block;\"><div id=\"thanksButtonDiv_22024_1\" style=\"background-image:url(http:\/\/www.osmrtnice.ljportal.com\/wp-content\/uploads\/2018\/02\/zapali_svijecu_1.png); background-repeat:no-repeat; float: left; display: inline;\"\n                onmouseover=\"javascript:thankYouChangeButtonImage('thanksButtonDiv_22024_1', true);\" \n                onmouseout=\"javascript:thankYouChangeButtonImage('thanksButtonDiv_22024_1', false);\"\n                onclick=\"javascript:thankYouChangeButtonImage('thanksButtonDiv_22024_1', false);\" >\n                <input type=\"button\" onclick=\"thankYouButtonClick(22024, 'Ve\u0107 ste zapalili svije\u0107u')\" value=\"Zapali svije\u0107u ~ 1153\"\n                  class=\"thanks_button thanks_custom \"\n                  style=\"width:250px; height:50px; font-family: Verdana, Arial, Sans-Serif; font-size: 14px; font-weight: normal;; color:#000;\"\n                  id=\"thanksButton_22024_1\" title=\"Zapali svije\u0107u\"\/>\n             <\/div><div id=\"ajax_loader_22024_1\" style=\"display:inline;visibility: hidden;\"><img decoding=\"async\" alt=\"ajax loader\" src=\"https:\/\/www.ljportal.com\/osmrtnice\/wp-content\/plugins\/thanks-you-counter-button\/images\/ajax-loader.gif\" \/><\/div><\/div>","protected":false},"excerpt":{"rendered":"","protected":false},"author":2,"featured_media":22026,"comment_status":"closed","ping_status":"closed","sticky":false,"template":"","format":"standard","meta":{"footnotes":""},"categories":[7],"tags":[19],"class_list":["post-22024","post","type-post","status-publish","format-standard","has-post-thumbnail","hentry","category-osmrtnice","tag-grubisic"],"rttpg_featured_image_url":{"full":["https:\/\/www.ljportal.com\/osmrtnice\/wp-content\/uploads\/2026\/02\/AndjelkaAlilovic.png",150,200,false],"landscape":["https:\/\/www.ljportal.com\/osmrtnice\/wp-content\/uploads\/2026\/02\/AndjelkaAlilovic.png",150,200,false],"portraits":["https:\/\/www.ljportal.com\/osmrtnice\/wp-content\/uploads\/2026\/02\/AndjelkaAlilovic.png",150,200,false],"thumbnail":["https:\/\/www.ljportal.com\/osmrtnice\/wp-content\/uploads\/2026\/02\/AndjelkaAlilovic-150x150.png",150,150,true],"medium":["https:\/\/www.ljportal.com\/osmrtnice\/wp-content\/uploads\/2026\/02\/AndjelkaAlilovic.png",150,200,false],"large":["https:\/\/www.ljportal.com\/osmrtnice\/wp-content\/uploads\/2026\/02\/AndjelkaAlilovic.png",150,200,false],"1536x1536":["https:\/\/www.ljportal.com\/osmrtnice\/wp-content\/uploads\/2026\/02\/AndjelkaAlilovic.png",150,200,false],"2048x2048":["https:\/\/www.ljportal.com\/osmrtnice\/wp-content\/uploads\/2026\/02\/AndjelkaAlilovic.png",150,200,false],"post-thumbnail":["https:\/\/www.ljportal.com\/osmrtnice\/wp-content\/uploads\/2026\/02\/AndjelkaAlilovic.png",150,200,false],"poseidon-header-image":["https:\/\/www.ljportal.com\/osmrtnice\/wp-content\/uploads\/2026\/02\/AndjelkaAlilovic.png",150,200,false],"poseidon-thumbnail-small":["https:\/\/www.ljportal.com\/osmrtnice\/wp-content\/uploads\/2026\/02\/AndjelkaAlilovic-120x80.png",120,80,true],"poseidon-thumbnail-medium":["https:\/\/www.ljportal.com\/osmrtnice\/wp-content\/uploads\/2026\/02\/AndjelkaAlilovic.png",150,200,false],"poseidon-thumbnail-large":["https:\/\/www.ljportal.com\/osmrtnice\/wp-content\/uploads\/2026\/02\/AndjelkaAlilovic.png",150,200,false],"poseidon-thumbnail-single":["https:\/\/www.ljportal.com\/osmrtnice\/wp-content\/uploads\/2026\/02\/AndjelkaAlilovic.png",150,200,false],"rt_custom":["https:\/\/www.ljportal.com\/osmrtnice\/wp-content\/uploads\/2026\/02\/AndjelkaAlilovic.png",150,200,false]},"rttpg_author":{"display_name":"Osmrtnice Ljubuski","author_link":"https:\/\/www.ljportal.com\/osmrtnice\/author\/bubalo\/"},"rttpg_comment":0,"rttpg_category":"<a href=\"https:\/\/www.ljportal.com\/osmrtnice\/category\/osmrtnice\/\" rel=\"category tag\">Osmrtnice<\/a>","rttpg_excerpt":null,"_links":{"self":[{"href":"https:\/\/www.ljportal.com\/osmrtnice\/wp-json\/wp\/v2\/posts\/22024","targetHints":{"allow":["GET"]}}],"collection":[{"href":"https:\/\/www.ljportal.com\/osmrtnice\/wp-json\/wp\/v2\/posts"}],"about":[{"href":"https:\/\/www.ljportal.com\/osmrtnice\/wp-json\/wp\/v2\/types\/post"}],"author":[{"embeddable":true,"href":"https:\/\/www.ljportal.com\/osmrtnice\/wp-json\/wp\/v2\/users\/2"}],"replies":[{"embeddable":true,"href":"https:\/\/www.ljportal.com\/osmrtnice\/wp-json\/wp\/v2\/comments?post=22024"}],"version-history":[{"count":3,"href":"https:\/\/www.ljportal.com\/osmrtnice\/wp-json\/wp\/v2\/posts\/22024\/revisions"}],"predecessor-version":[{"id":22031,"href":"https:\/\/www.ljportal.com\/osmrtnice\/wp-json\/wp\/v2\/posts\/22024\/revisions\/22031"}],"wp:featuredmedia":[{"embeddable":true,"href":"https:\/\/www.ljportal.com\/osmrtnice\/wp-json\/wp\/v2\/media\/22026"}],"wp:attachment":[{"href":"https:\/\/www.ljportal.com\/osmrtnice\/wp-json\/wp\/v2\/media?parent=22024"}],"wp:term":[{"taxonomy":"category","embeddable":true,"href":"https:\/\/www.ljportal.com\/osmrtnice\/wp-json\/wp\/v2\/categories?post=22024"},{"taxonomy":"post_tag","embeddable":true,"href":"https:\/\/www.ljportal.com\/osmrtnice\/wp-json\/wp\/v2\/tags?post=22024"}],"curies":[{"name":"wp","href":"https:\/\/api.w.org\/{rel}","templated":true}]}}