{"id":22105,"date":"2026-02-26T10:05:05","date_gmt":"2026-02-26T09:05:05","guid":{"rendered":"https:\/\/www.ljportal.com\/osmrtnice\/?p=22105"},"modified":"2026-02-26T10:17:06","modified_gmt":"2026-02-26T09:17:06","slug":"milenko-bebek-2","status":"publish","type":"post","link":"https:\/\/www.ljportal.com\/osmrtnice\/milenko-bebek-2\/","title":{"rendered":"Milenko Bebek"},"content":{"rendered":"<p><em><span class=\"bible-line\" data-line-number=\"7\">Dobar sam boj bio, trku zavr\u0161io, vjeru sa\u010duvao.\u00a0<\/span><span class=\"bible-line\" data-line-number=\"8\">Stoga, pripravljen mi je vijenac pravednosti kojim \u0107e mi u onaj Dan uzvratiti Gospodin, pravedan sudac; ne samo meni nego i svima koji s ljubavlju \u010dekaju njegov pojavak. (2 Tim 7-8)<\/span><\/em><\/p>\n<p>Utje\u0161eni ovim Isusovim rije\u010dima javljamo svoj rodbini, prijateljima i znancima da je na\u0161 dragi i nikad pre\u017ealjeni<\/p>\n<p><img decoding=\"async\" src=\"https:\/\/www.ljportal.com\/osmrtnice\/wp-content\/uploads\/2026\/02\/MilenkoBebek.png\" \/><br \/>\n<strong>MILENKO BEBEK &#8211; MI\u0160I\u0106\u00a0<\/strong><br \/>\n<strong>1940.-2026.<\/strong><\/p>\n<p>blago u Gospodinu preminuo dana 25. velja\u010de 2026. godine u 86-oj godini \u017eivota.\u00a0Sprovodni obred i pokop obavit \u0107e se u petak 27. velja\u010de 2026. godine u 15 sati na groblju Krpu\u0161evac u Veljacima.\u00a0Obitelj prima izraze su\u0107uti od 14 sati u kapelici na groblju.<\/p>\n<p><strong>O\u017dALO\u0160\u0106ENI:<br \/>\n<\/strong>brat JOZO s obitelji, sestra VILKA s obitelji, sestra DRAGICA, sestra IVA s obitelji, sestra MIRA s obitelji, te obitelji: BEBEK, DEV\u010cI\u0106, PETROVI\u0106, DUJI\u0106, VUKOJEVI\u0106 i MARINOVI\u0106 te ostala tuguju\u0107a rodbina i prijatelji.<\/p>\n<p><strong>PO\u010cIVAO U MIRU BO\u017dJEM!<\/strong><\/p>\n<div class=\"thanks_button_div\" \n                  style=\"display: inline-block;\"><div id=\"thanksButtonDiv_22105_1\" style=\"background-image:url(http:\/\/www.osmrtnice.ljportal.com\/wp-content\/uploads\/2018\/02\/zapali_svijecu_1.png); background-repeat:no-repeat; float: left; display: inline;\"\n                onmouseover=\"javascript:thankYouChangeButtonImage('thanksButtonDiv_22105_1', true);\" \n                onmouseout=\"javascript:thankYouChangeButtonImage('thanksButtonDiv_22105_1', false);\"\n                onclick=\"javascript:thankYouChangeButtonImage('thanksButtonDiv_22105_1', false);\" >\n                <input type=\"button\" onclick=\"thankYouButtonClick(22105, 'Ve\u0107 ste zapalili svije\u0107u')\" value=\"Zapali svije\u0107u ~ 1134\"\n                  class=\"thanks_button thanks_custom \"\n                  style=\"width:250px; height:50px; font-family: Verdana, Arial, Sans-Serif; font-size: 14px; font-weight: normal;; color:#000;\"\n                  id=\"thanksButton_22105_1\" title=\"Zapali svije\u0107u\"\/>\n             <\/div><div id=\"ajax_loader_22105_1\" style=\"display:inline;visibility: hidden;\"><img decoding=\"async\" alt=\"ajax loader\" src=\"https:\/\/www.ljportal.com\/osmrtnice\/wp-content\/plugins\/thanks-you-counter-button\/images\/ajax-loader.gif\" \/><\/div><\/div>","protected":false},"excerpt":{"rendered":"","protected":false},"author":2,"featured_media":22106,"comment_status":"closed","ping_status":"closed","sticky":false,"template":"","format":"standard","meta":{"footnotes":""},"categories":[7],"tags":[16],"class_list":["post-22105","post","type-post","status-publish","format-standard","has-post-thumbnail","hentry","category-osmrtnice","tag-plava-ruza"],"rttpg_featured_image_url":{"full":["https:\/\/www.ljportal.com\/osmrtnice\/wp-content\/uploads\/2026\/02\/MilenkoBebek.png",150,200,false],"landscape":["https:\/\/www.ljportal.com\/osmrtnice\/wp-content\/uploads\/2026\/02\/MilenkoBebek.png",150,200,false],"portraits":["https:\/\/www.ljportal.com\/osmrtnice\/wp-content\/uploads\/2026\/02\/MilenkoBebek.png",150,200,false],"thumbnail":["https:\/\/www.ljportal.com\/osmrtnice\/wp-content\/uploads\/2026\/02\/MilenkoBebek-150x150.png",150,150,true],"medium":["https:\/\/www.ljportal.com\/osmrtnice\/wp-content\/uploads\/2026\/02\/MilenkoBebek.png",150,200,false],"large":["https:\/\/www.ljportal.com\/osmrtnice\/wp-content\/uploads\/2026\/02\/MilenkoBebek.png",150,200,false],"1536x1536":["https:\/\/www.ljportal.com\/osmrtnice\/wp-content\/uploads\/2026\/02\/MilenkoBebek.png",150,200,false],"2048x2048":["https:\/\/www.ljportal.com\/osmrtnice\/wp-content\/uploads\/2026\/02\/MilenkoBebek.png",150,200,false],"post-thumbnail":["https:\/\/www.ljportal.com\/osmrtnice\/wp-content\/uploads\/2026\/02\/MilenkoBebek.png",150,200,false],"poseidon-header-image":["https:\/\/www.ljportal.com\/osmrtnice\/wp-content\/uploads\/2026\/02\/MilenkoBebek.png",150,200,false],"poseidon-thumbnail-small":["https:\/\/www.ljportal.com\/osmrtnice\/wp-content\/uploads\/2026\/02\/MilenkoBebek-120x80.png",120,80,true],"poseidon-thumbnail-medium":["https:\/\/www.ljportal.com\/osmrtnice\/wp-content\/uploads\/2026\/02\/MilenkoBebek.png",150,200,false],"poseidon-thumbnail-large":["https:\/\/www.ljportal.com\/osmrtnice\/wp-content\/uploads\/2026\/02\/MilenkoBebek.png",150,200,false],"poseidon-thumbnail-single":["https:\/\/www.ljportal.com\/osmrtnice\/wp-content\/uploads\/2026\/02\/MilenkoBebek.png",150,200,false],"rt_custom":["https:\/\/www.ljportal.com\/osmrtnice\/wp-content\/uploads\/2026\/02\/MilenkoBebek.png",150,200,false]},"rttpg_author":{"display_name":"Osmrtnice Ljubuski","author_link":"https:\/\/www.ljportal.com\/osmrtnice\/author\/bubalo\/"},"rttpg_comment":0,"rttpg_category":"<a href=\"https:\/\/www.ljportal.com\/osmrtnice\/category\/osmrtnice\/\" rel=\"category tag\">Osmrtnice<\/a>","rttpg_excerpt":null,"_links":{"self":[{"href":"https:\/\/www.ljportal.com\/osmrtnice\/wp-json\/wp\/v2\/posts\/22105","targetHints":{"allow":["GET"]}}],"collection":[{"href":"https:\/\/www.ljportal.com\/osmrtnice\/wp-json\/wp\/v2\/posts"}],"about":[{"href":"https:\/\/www.ljportal.com\/osmrtnice\/wp-json\/wp\/v2\/types\/post"}],"author":[{"embeddable":true,"href":"https:\/\/www.ljportal.com\/osmrtnice\/wp-json\/wp\/v2\/users\/2"}],"replies":[{"embeddable":true,"href":"https:\/\/www.ljportal.com\/osmrtnice\/wp-json\/wp\/v2\/comments?post=22105"}],"version-history":[{"count":3,"href":"https:\/\/www.ljportal.com\/osmrtnice\/wp-json\/wp\/v2\/posts\/22105\/revisions"}],"predecessor-version":[{"id":22109,"href":"https:\/\/www.ljportal.com\/osmrtnice\/wp-json\/wp\/v2\/posts\/22105\/revisions\/22109"}],"wp:featuredmedia":[{"embeddable":true,"href":"https:\/\/www.ljportal.com\/osmrtnice\/wp-json\/wp\/v2\/media\/22106"}],"wp:attachment":[{"href":"https:\/\/www.ljportal.com\/osmrtnice\/wp-json\/wp\/v2\/media?parent=22105"}],"wp:term":[{"taxonomy":"category","embeddable":true,"href":"https:\/\/www.ljportal.com\/osmrtnice\/wp-json\/wp\/v2\/categories?post=22105"},{"taxonomy":"post_tag","embeddable":true,"href":"https:\/\/www.ljportal.com\/osmrtnice\/wp-json\/wp\/v2\/tags?post=22105"}],"curies":[{"name":"wp","href":"https:\/\/api.w.org\/{rel}","templated":true}]}}