{"id":22110,"date":"2026-02-26T11:39:40","date_gmt":"2026-02-26T10:39:40","guid":{"rendered":"https:\/\/www.ljportal.com\/osmrtnice\/?p=22110"},"modified":"2026-02-26T11:39:40","modified_gmt":"2026-02-26T10:39:40","slug":"kata-vucic","status":"publish","type":"post","link":"https:\/\/www.ljportal.com\/osmrtnice\/kata-vucic\/","title":{"rendered":"Kata Vu\u010di\u0107"},"content":{"rendered":"<p>Gospodine, Tvojim se vjernima \u017eivot mijenja, a ne oduzima! \u201cJa sam uskrsnu\u0107e i \u017eivot: tko u mene vjeruje, ako i umre \u017eivjet \u0107e!\u201d (Iv 11,26). Utje\u0161eni ovim Isusovim rije\u010dima javljamo svoj rodbini, prijateljima i znancima da je na\u0161a draga<br \/>\n<img decoding=\"async\" src=\"https:\/\/www.ljportal.com\/osmrtnice\/wp-content\/uploads\/2026\/02\/KataVucic.png\" \/><br \/>\n<strong>KATA VU\u010cI\u0106 ro\u0111. \u0160arac ud. MLADENA<\/strong><br \/>\n<strong>1945.-2026.<\/strong><\/p>\n<p>nakon kra\u0107e bolesti preminula dana, 25. 02. 2026. godine u 81. godini \u017eivota. Sprovodni obred po\u010dinje u petak, 27. 02. 2026. godine u 15:00 sati na mjesnom groblju u CERNU, gdje \u0107e biti i pokop. Obitelj prima izraze su\u0107uti od 14:00 sati u kapelici groblja.<\/p>\n<p><strong>O\u017dALO\u0160\u0106ENI:<\/strong><br \/>\nsin PETAR, k\u0107i MLADENKA, nevjesta DANIJELA, zet GRGO, unu\u010dad: FILIP, BO\u017dE s obitelji, BO\u017dANA s obitelji, MAJA s obitelji, STANISLAVA s obitelji i KATARINA, sestra STOJKA s obitelji, obitelj pok. brata STOJANA,obitelji pok. zaova: DANICE i KATE, o\u017ealo\u0161\u0107ene obitelji: VU\u010cI\u0106, \u0160ARAC, SU\u0160AC, DUGAND\u017dI\u0106, BILI\u0106, GRGI\u0106, BARBARI\u0106, LUKENDA, JURKOVI\u0106, KOZINA i ostala tuguju\u0107a rodbina i prijatelji.<\/p>\n<p><strong>PO\u010cIVALA U MIRU BO\u017dJEM!<\/strong><\/p>\n<p>&nbsp;<\/p>\n<div class=\"thanks_button_div\" \n                  style=\"display: inline-block;\"><div id=\"thanksButtonDiv_22110_1\" style=\"background-image:url(http:\/\/www.osmrtnice.ljportal.com\/wp-content\/uploads\/2018\/02\/zapali_svijecu_1.png); background-repeat:no-repeat; float: left; display: inline;\"\n                onmouseover=\"javascript:thankYouChangeButtonImage('thanksButtonDiv_22110_1', true);\" \n                onmouseout=\"javascript:thankYouChangeButtonImage('thanksButtonDiv_22110_1', false);\"\n                onclick=\"javascript:thankYouChangeButtonImage('thanksButtonDiv_22110_1', false);\" >\n                <input type=\"button\" onclick=\"thankYouButtonClick(22110, 'Ve\u0107 ste zapalili svije\u0107u')\" value=\"Zapali svije\u0107u ~ 1028\"\n                  class=\"thanks_button thanks_custom \"\n                  style=\"width:250px; height:50px; font-family: Verdana, Arial, Sans-Serif; font-size: 14px; font-weight: normal;; color:#000;\"\n                  id=\"thanksButton_22110_1\" title=\"Zapali svije\u0107u\"\/>\n             <\/div><div id=\"ajax_loader_22110_1\" style=\"display:inline;visibility: hidden;\"><img decoding=\"async\" alt=\"ajax loader\" src=\"https:\/\/www.ljportal.com\/osmrtnice\/wp-content\/plugins\/thanks-you-counter-button\/images\/ajax-loader.gif\" \/><\/div><\/div>","protected":false},"excerpt":{"rendered":"","protected":false},"author":2,"featured_media":22111,"comment_status":"closed","ping_status":"closed","sticky":false,"template":"","format":"standard","meta":{"footnotes":""},"categories":[7],"tags":[19],"class_list":["post-22110","post","type-post","status-publish","format-standard","has-post-thumbnail","hentry","category-osmrtnice","tag-grubisic"],"rttpg_featured_image_url":{"full":["https:\/\/www.ljportal.com\/osmrtnice\/wp-content\/uploads\/2026\/02\/KataVucic.png",150,200,false],"landscape":["https:\/\/www.ljportal.com\/osmrtnice\/wp-content\/uploads\/2026\/02\/KataVucic.png",150,200,false],"portraits":["https:\/\/www.ljportal.com\/osmrtnice\/wp-content\/uploads\/2026\/02\/KataVucic.png",150,200,false],"thumbnail":["https:\/\/www.ljportal.com\/osmrtnice\/wp-content\/uploads\/2026\/02\/KataVucic-150x150.png",150,150,true],"medium":["https:\/\/www.ljportal.com\/osmrtnice\/wp-content\/uploads\/2026\/02\/KataVucic.png",150,200,false],"large":["https:\/\/www.ljportal.com\/osmrtnice\/wp-content\/uploads\/2026\/02\/KataVucic.png",150,200,false],"1536x1536":["https:\/\/www.ljportal.com\/osmrtnice\/wp-content\/uploads\/2026\/02\/KataVucic.png",150,200,false],"2048x2048":["https:\/\/www.ljportal.com\/osmrtnice\/wp-content\/uploads\/2026\/02\/KataVucic.png",150,200,false],"post-thumbnail":["https:\/\/www.ljportal.com\/osmrtnice\/wp-content\/uploads\/2026\/02\/KataVucic.png",150,200,false],"poseidon-header-image":["https:\/\/www.ljportal.com\/osmrtnice\/wp-content\/uploads\/2026\/02\/KataVucic.png",150,200,false],"poseidon-thumbnail-small":["https:\/\/www.ljportal.com\/osmrtnice\/wp-content\/uploads\/2026\/02\/KataVucic-120x80.png",120,80,true],"poseidon-thumbnail-medium":["https:\/\/www.ljportal.com\/osmrtnice\/wp-content\/uploads\/2026\/02\/KataVucic.png",150,200,false],"poseidon-thumbnail-large":["https:\/\/www.ljportal.com\/osmrtnice\/wp-content\/uploads\/2026\/02\/KataVucic.png",150,200,false],"poseidon-thumbnail-single":["https:\/\/www.ljportal.com\/osmrtnice\/wp-content\/uploads\/2026\/02\/KataVucic.png",150,200,false],"rt_custom":["https:\/\/www.ljportal.com\/osmrtnice\/wp-content\/uploads\/2026\/02\/KataVucic.png",150,200,false]},"rttpg_author":{"display_name":"Osmrtnice Ljubuski","author_link":"https:\/\/www.ljportal.com\/osmrtnice\/author\/bubalo\/"},"rttpg_comment":0,"rttpg_category":"<a href=\"https:\/\/www.ljportal.com\/osmrtnice\/category\/osmrtnice\/\" rel=\"category tag\">Osmrtnice<\/a>","rttpg_excerpt":null,"_links":{"self":[{"href":"https:\/\/www.ljportal.com\/osmrtnice\/wp-json\/wp\/v2\/posts\/22110","targetHints":{"allow":["GET"]}}],"collection":[{"href":"https:\/\/www.ljportal.com\/osmrtnice\/wp-json\/wp\/v2\/posts"}],"about":[{"href":"https:\/\/www.ljportal.com\/osmrtnice\/wp-json\/wp\/v2\/types\/post"}],"author":[{"embeddable":true,"href":"https:\/\/www.ljportal.com\/osmrtnice\/wp-json\/wp\/v2\/users\/2"}],"replies":[{"embeddable":true,"href":"https:\/\/www.ljportal.com\/osmrtnice\/wp-json\/wp\/v2\/comments?post=22110"}],"version-history":[{"count":1,"href":"https:\/\/www.ljportal.com\/osmrtnice\/wp-json\/wp\/v2\/posts\/22110\/revisions"}],"predecessor-version":[{"id":22112,"href":"https:\/\/www.ljportal.com\/osmrtnice\/wp-json\/wp\/v2\/posts\/22110\/revisions\/22112"}],"wp:featuredmedia":[{"embeddable":true,"href":"https:\/\/www.ljportal.com\/osmrtnice\/wp-json\/wp\/v2\/media\/22111"}],"wp:attachment":[{"href":"https:\/\/www.ljportal.com\/osmrtnice\/wp-json\/wp\/v2\/media?parent=22110"}],"wp:term":[{"taxonomy":"category","embeddable":true,"href":"https:\/\/www.ljportal.com\/osmrtnice\/wp-json\/wp\/v2\/categories?post=22110"},{"taxonomy":"post_tag","embeddable":true,"href":"https:\/\/www.ljportal.com\/osmrtnice\/wp-json\/wp\/v2\/tags?post=22110"}],"curies":[{"name":"wp","href":"https:\/\/api.w.org\/{rel}","templated":true}]}}