{"id":22116,"date":"2026-02-28T09:01:17","date_gmt":"2026-02-28T08:01:17","guid":{"rendered":"https:\/\/www.ljportal.com\/osmrtnice\/?p=22116"},"modified":"2026-04-28T14:58:51","modified_gmt":"2026-04-28T12:58:51","slug":"jelka-jela-grbavac","status":"publish","type":"post","link":"https:\/\/www.ljportal.com\/osmrtnice\/jelka-jela-grbavac\/","title":{"rendered":"Jelka-Jela Grbavac"},"content":{"rendered":"<p>Gospodine, tvojim se vjernima \u017eivot mijenja, a ne oduzima! Ja sam uskrsnu\u0107e i \u017eivot, tko u mene vjeruje, ako i umre \u017eivjet \u0107e. (Iv 11,26) Utje\u0161eni ovim Isusovim rije\u010dima, javljamo rodbini, prijateljima i znancima da je na\u0161a draga<\/p>\n<p><img decoding=\"async\" src=\"https:\/\/www.ljportal.com\/osmrtnice\/wp-content\/uploads\/2026\/02\/jelkagrbavac.png\" \/><br \/>\n<strong>JELKA (Jela) GRBAVAC ud. Pere<\/strong><br \/>\n<strong>1937.-2026.<\/strong><\/p>\n<p>nakon kra\u0107e bolesti blago u Gospodinu preminula u petak 27. velja\u010de 2026. godine u svojoj 89-oj godini \u017eivota. Sprovodni obred i pokop \u0107e se obaviti na groblju Pivnice &#8211; Hardomilje, ponedjeljak 02. o\u017eujka 2026. godine u 14 sati.\u00a0Obitelj prima izraze su\u0107uti u kapelici na groblju od 13 sati.<\/p>\n<p><strong>O\u017dALO\u0160\u0106ENI:<\/strong><\/p>\n<p>sinovi: STOJAN, IVAN i ANTE, nevjeste: GORDANA, EDITA i KRISTINA, unu\u010dad: JELENA s obitelji, PERO s obitelji, ROBERT s obitelji, IVANA, DENIS s obitelji, LEA s obitelji, ALEN, MATEO i PETRA, praunu\u010dad, sestra MILA s obitelji, obitelji pok. bra\u0107e: MARKA I JURE, obitelji: GRBAVAC, MIHALJEVI\u0106, SU\u0160AC, LUBURI\u0106, VI\u0160TICA, ILI\u0106, \u0160IMOVI\u0106, VASILJ, HERCEG, JURKOVI\u0106 I PRIMORAC te ostala rodbina i prijatelji.<\/p>\n<p><strong>PO\u010cIVALA U MIRU BO\u017dJEM!<\/strong><\/p>\n<div class=\"thanks_button_div\" \n                  style=\"display: inline-block;\"><div id=\"thanksButtonDiv_22116_1\" style=\"background-image:url(http:\/\/www.osmrtnice.ljportal.com\/wp-content\/uploads\/2018\/02\/zapali_svijecu_1.png); background-repeat:no-repeat; float: left; display: inline;\"\n                onmouseover=\"javascript:thankYouChangeButtonImage('thanksButtonDiv_22116_1', true);\" \n                onmouseout=\"javascript:thankYouChangeButtonImage('thanksButtonDiv_22116_1', false);\"\n                onclick=\"javascript:thankYouChangeButtonImage('thanksButtonDiv_22116_1', false);\" >\n                <input type=\"button\" onclick=\"thankYouButtonClick(22116, 'Ve\u0107 ste zapalili svije\u0107u')\" value=\"Zapali svije\u0107u ~ 1066\"\n                  class=\"thanks_button thanks_custom \"\n                  style=\"width:250px; height:50px; font-family: Verdana, Arial, Sans-Serif; font-size: 14px; font-weight: normal;; color:#000;\"\n                  id=\"thanksButton_22116_1\" title=\"Zapali svije\u0107u\"\/>\n             <\/div><div id=\"ajax_loader_22116_1\" style=\"display:inline;visibility: hidden;\"><img decoding=\"async\" alt=\"ajax loader\" src=\"https:\/\/www.ljportal.com\/osmrtnice\/wp-content\/plugins\/thanks-you-counter-button\/images\/ajax-loader.gif\" \/><\/div><\/div>","protected":false},"excerpt":{"rendered":"","protected":false},"author":2,"featured_media":22117,"comment_status":"closed","ping_status":"closed","sticky":false,"template":"","format":"standard","meta":{"footnotes":""},"categories":[7],"tags":[17],"class_list":["post-22116","post","type-post","status-publish","format-standard","has-post-thumbnail","hentry","category-osmrtnice","tag-boras"],"rttpg_featured_image_url":{"full":["https:\/\/www.ljportal.com\/osmrtnice\/wp-content\/uploads\/2026\/02\/jelkagrbavac.png",150,200,false],"landscape":["https:\/\/www.ljportal.com\/osmrtnice\/wp-content\/uploads\/2026\/02\/jelkagrbavac.png",150,200,false],"portraits":["https:\/\/www.ljportal.com\/osmrtnice\/wp-content\/uploads\/2026\/02\/jelkagrbavac.png",150,200,false],"thumbnail":["https:\/\/www.ljportal.com\/osmrtnice\/wp-content\/uploads\/2026\/02\/jelkagrbavac-150x150.png",150,150,true],"medium":["https:\/\/www.ljportal.com\/osmrtnice\/wp-content\/uploads\/2026\/02\/jelkagrbavac.png",150,200,false],"large":["https:\/\/www.ljportal.com\/osmrtnice\/wp-content\/uploads\/2026\/02\/jelkagrbavac.png",150,200,false],"1536x1536":["https:\/\/www.ljportal.com\/osmrtnice\/wp-content\/uploads\/2026\/02\/jelkagrbavac.png",150,200,false],"2048x2048":["https:\/\/www.ljportal.com\/osmrtnice\/wp-content\/uploads\/2026\/02\/jelkagrbavac.png",150,200,false],"post-thumbnail":["https:\/\/www.ljportal.com\/osmrtnice\/wp-content\/uploads\/2026\/02\/jelkagrbavac.png",150,200,false],"poseidon-header-image":["https:\/\/www.ljportal.com\/osmrtnice\/wp-content\/uploads\/2026\/02\/jelkagrbavac.png",150,200,false],"poseidon-thumbnail-small":["https:\/\/www.ljportal.com\/osmrtnice\/wp-content\/uploads\/2026\/02\/jelkagrbavac-120x80.png",120,80,true],"poseidon-thumbnail-medium":["https:\/\/www.ljportal.com\/osmrtnice\/wp-content\/uploads\/2026\/02\/jelkagrbavac.png",150,200,false],"poseidon-thumbnail-large":["https:\/\/www.ljportal.com\/osmrtnice\/wp-content\/uploads\/2026\/02\/jelkagrbavac.png",150,200,false],"poseidon-thumbnail-single":["https:\/\/www.ljportal.com\/osmrtnice\/wp-content\/uploads\/2026\/02\/jelkagrbavac.png",150,200,false],"rt_custom":["https:\/\/www.ljportal.com\/osmrtnice\/wp-content\/uploads\/2026\/02\/jelkagrbavac.png",150,200,false]},"rttpg_author":{"display_name":"Osmrtnice Ljubuski","author_link":"https:\/\/www.ljportal.com\/osmrtnice\/author\/bubalo\/"},"rttpg_comment":0,"rttpg_category":"<a href=\"https:\/\/www.ljportal.com\/osmrtnice\/category\/osmrtnice\/\" rel=\"category tag\">Osmrtnice<\/a>","rttpg_excerpt":null,"_links":{"self":[{"href":"https:\/\/www.ljportal.com\/osmrtnice\/wp-json\/wp\/v2\/posts\/22116","targetHints":{"allow":["GET"]}}],"collection":[{"href":"https:\/\/www.ljportal.com\/osmrtnice\/wp-json\/wp\/v2\/posts"}],"about":[{"href":"https:\/\/www.ljportal.com\/osmrtnice\/wp-json\/wp\/v2\/types\/post"}],"author":[{"embeddable":true,"href":"https:\/\/www.ljportal.com\/osmrtnice\/wp-json\/wp\/v2\/users\/2"}],"replies":[{"embeddable":true,"href":"https:\/\/www.ljportal.com\/osmrtnice\/wp-json\/wp\/v2\/comments?post=22116"}],"version-history":[{"count":1,"href":"https:\/\/www.ljportal.com\/osmrtnice\/wp-json\/wp\/v2\/posts\/22116\/revisions"}],"predecessor-version":[{"id":22118,"href":"https:\/\/www.ljportal.com\/osmrtnice\/wp-json\/wp\/v2\/posts\/22116\/revisions\/22118"}],"wp:featuredmedia":[{"embeddable":true,"href":"https:\/\/www.ljportal.com\/osmrtnice\/wp-json\/wp\/v2\/media\/22117"}],"wp:attachment":[{"href":"https:\/\/www.ljportal.com\/osmrtnice\/wp-json\/wp\/v2\/media?parent=22116"}],"wp:term":[{"taxonomy":"category","embeddable":true,"href":"https:\/\/www.ljportal.com\/osmrtnice\/wp-json\/wp\/v2\/categories?post=22116"},{"taxonomy":"post_tag","embeddable":true,"href":"https:\/\/www.ljportal.com\/osmrtnice\/wp-json\/wp\/v2\/tags?post=22116"}],"curies":[{"name":"wp","href":"https:\/\/api.w.org\/{rel}","templated":true}]}}