{"id":22365,"date":"2026-03-23T12:27:45","date_gmt":"2026-03-23T11:27:45","guid":{"rendered":"https:\/\/www.ljportal.com\/osmrtnice\/?p=22365"},"modified":"2026-03-23T12:27:45","modified_gmt":"2026-03-23T11:27:45","slug":"zeljka-merdzan","status":"publish","type":"post","link":"https:\/\/www.ljportal.com\/osmrtnice\/zeljka-merdzan\/","title":{"rendered":"\u017deljka Merd\u017ean"},"content":{"rendered":"<p>\u201cJa sam put, istina i \u017eivot: tko u mene vjeruje, ako i umre \u017eivjet \u0107e!\u201d (Iv 11,26).<br \/>\nUtje\u0161eni ovim Isusovim rije\u010dima javljamo svoj rodbini, prijateljima i znancima da je na\u0161a draga<\/p>\n<p><strong><img decoding=\"async\" src=\"https:\/\/www.ljportal.com\/osmrtnice\/wp-content\/uploads\/2026\/03\/ZeljkaMErdzan.png\" \/><br \/>\n\u017dELJKA MERD\u017dAN supruga IVICE ro\u0111ena JURKOVI\u0106<\/strong><br \/>\n<strong>1970. \u2013 2026.<\/strong><\/p>\n<p>blago u Gospodinu preminula nakon duge i te\u0161ke bolesti, dana 23. o\u017eujka 2026. godine u 56-oj godini. Ispra\u0107aj i pokop drage nam pokojnice, obavit \u0107e se dana 24. o\u017eujka 2026. godine \/ utorak \/ 15,00 sati na katoli\u010dkom groblju u Gnjili\u0161tima.\u00a0Obitelj prima su\u0107ut u kapelici na groblju od 14,00 sati.<\/p>\n<p><strong>O\u017dALO\u0160\u0106ENI:<\/strong><br \/>\nsuprug IVICA, sinovi JAKOV, STIPE i ANTE, bra\u0107a MIJODRAG-MIGA, ANTE i NIKICA sa obiteljima, djever TOMISLAV sa obitelji, obitelji MERD\u017dAN, JURKOVI\u0106, MANENICA, MARI\u0106, VU\u010cINA, ZOVKO, LACKU te ostala mnogobrojna rodbina i prijatelji.<\/p>\n<p><strong>PO\u010cIVALA U MIRU BO\u017dJEM !<\/strong><\/p>\n<div class=\"thanks_button_div\" \n                  style=\"display: inline-block;\"><div id=\"thanksButtonDiv_22365_1\" style=\"background-image:url(http:\/\/www.osmrtnice.ljportal.com\/wp-content\/uploads\/2018\/02\/zapali_svijecu_1.png); background-repeat:no-repeat; float: left; display: inline;\"\n                onmouseover=\"javascript:thankYouChangeButtonImage('thanksButtonDiv_22365_1', true);\" \n                onmouseout=\"javascript:thankYouChangeButtonImage('thanksButtonDiv_22365_1', false);\"\n                onclick=\"javascript:thankYouChangeButtonImage('thanksButtonDiv_22365_1', false);\" >\n                <input type=\"button\" onclick=\"thankYouButtonClick(22365, 'Ve\u0107 ste zapalili svije\u0107u')\" value=\"Zapali svije\u0107u ~ 1329\"\n                  class=\"thanks_button thanks_custom \"\n                  style=\"width:250px; height:50px; font-family: Verdana, Arial, Sans-Serif; font-size: 14px; font-weight: normal;; color:#000;\"\n                  id=\"thanksButton_22365_1\" title=\"Zapali svije\u0107u\"\/>\n             <\/div><div id=\"ajax_loader_22365_1\" style=\"display:inline;visibility: hidden;\"><img decoding=\"async\" alt=\"ajax loader\" src=\"https:\/\/www.ljportal.com\/osmrtnice\/wp-content\/plugins\/thanks-you-counter-button\/images\/ajax-loader.gif\" \/><\/div><\/div>","protected":false},"excerpt":{"rendered":"","protected":false},"author":2,"featured_media":22366,"comment_status":"closed","ping_status":"closed","sticky":false,"template":"","format":"standard","meta":{"footnotes":""},"categories":[7],"tags":[27],"class_list":["post-22365","post","type-post","status-publish","format-standard","has-post-thumbnail","hentry","category-osmrtnice","tag-umrli"],"rttpg_featured_image_url":{"full":["https:\/\/www.ljportal.com\/osmrtnice\/wp-content\/uploads\/2026\/03\/ZeljkaMErdzan.png",150,200,false],"landscape":["https:\/\/www.ljportal.com\/osmrtnice\/wp-content\/uploads\/2026\/03\/ZeljkaMErdzan.png",150,200,false],"portraits":["https:\/\/www.ljportal.com\/osmrtnice\/wp-content\/uploads\/2026\/03\/ZeljkaMErdzan.png",150,200,false],"thumbnail":["https:\/\/www.ljportal.com\/osmrtnice\/wp-content\/uploads\/2026\/03\/ZeljkaMErdzan-150x150.png",150,150,true],"medium":["https:\/\/www.ljportal.com\/osmrtnice\/wp-content\/uploads\/2026\/03\/ZeljkaMErdzan.png",150,200,false],"large":["https:\/\/www.ljportal.com\/osmrtnice\/wp-content\/uploads\/2026\/03\/ZeljkaMErdzan.png",150,200,false],"1536x1536":["https:\/\/www.ljportal.com\/osmrtnice\/wp-content\/uploads\/2026\/03\/ZeljkaMErdzan.png",150,200,false],"2048x2048":["https:\/\/www.ljportal.com\/osmrtnice\/wp-content\/uploads\/2026\/03\/ZeljkaMErdzan.png",150,200,false],"post-thumbnail":["https:\/\/www.ljportal.com\/osmrtnice\/wp-content\/uploads\/2026\/03\/ZeljkaMErdzan.png",150,200,false],"poseidon-header-image":["https:\/\/www.ljportal.com\/osmrtnice\/wp-content\/uploads\/2026\/03\/ZeljkaMErdzan.png",150,200,false],"poseidon-thumbnail-small":["https:\/\/www.ljportal.com\/osmrtnice\/wp-content\/uploads\/2026\/03\/ZeljkaMErdzan-120x80.png",120,80,true],"poseidon-thumbnail-medium":["https:\/\/www.ljportal.com\/osmrtnice\/wp-content\/uploads\/2026\/03\/ZeljkaMErdzan.png",150,200,false],"poseidon-thumbnail-large":["https:\/\/www.ljportal.com\/osmrtnice\/wp-content\/uploads\/2026\/03\/ZeljkaMErdzan.png",150,200,false],"poseidon-thumbnail-single":["https:\/\/www.ljportal.com\/osmrtnice\/wp-content\/uploads\/2026\/03\/ZeljkaMErdzan.png",150,200,false],"rt_custom":["https:\/\/www.ljportal.com\/osmrtnice\/wp-content\/uploads\/2026\/03\/ZeljkaMErdzan.png",150,200,false]},"rttpg_author":{"display_name":"Osmrtnice Ljubuski","author_link":"https:\/\/www.ljportal.com\/osmrtnice\/author\/bubalo\/"},"rttpg_comment":0,"rttpg_category":"<a href=\"https:\/\/www.ljportal.com\/osmrtnice\/category\/osmrtnice\/\" rel=\"category tag\">Osmrtnice<\/a>","rttpg_excerpt":null,"_links":{"self":[{"href":"https:\/\/www.ljportal.com\/osmrtnice\/wp-json\/wp\/v2\/posts\/22365","targetHints":{"allow":["GET"]}}],"collection":[{"href":"https:\/\/www.ljportal.com\/osmrtnice\/wp-json\/wp\/v2\/posts"}],"about":[{"href":"https:\/\/www.ljportal.com\/osmrtnice\/wp-json\/wp\/v2\/types\/post"}],"author":[{"embeddable":true,"href":"https:\/\/www.ljportal.com\/osmrtnice\/wp-json\/wp\/v2\/users\/2"}],"replies":[{"embeddable":true,"href":"https:\/\/www.ljportal.com\/osmrtnice\/wp-json\/wp\/v2\/comments?post=22365"}],"version-history":[{"count":1,"href":"https:\/\/www.ljportal.com\/osmrtnice\/wp-json\/wp\/v2\/posts\/22365\/revisions"}],"predecessor-version":[{"id":22367,"href":"https:\/\/www.ljportal.com\/osmrtnice\/wp-json\/wp\/v2\/posts\/22365\/revisions\/22367"}],"wp:featuredmedia":[{"embeddable":true,"href":"https:\/\/www.ljportal.com\/osmrtnice\/wp-json\/wp\/v2\/media\/22366"}],"wp:attachment":[{"href":"https:\/\/www.ljportal.com\/osmrtnice\/wp-json\/wp\/v2\/media?parent=22365"}],"wp:term":[{"taxonomy":"category","embeddable":true,"href":"https:\/\/www.ljportal.com\/osmrtnice\/wp-json\/wp\/v2\/categories?post=22365"},{"taxonomy":"post_tag","embeddable":true,"href":"https:\/\/www.ljportal.com\/osmrtnice\/wp-json\/wp\/v2\/tags?post=22365"}],"curies":[{"name":"wp","href":"https:\/\/api.w.org\/{rel}","templated":true}]}}