{"id":22594,"date":"2026-04-23T10:41:07","date_gmt":"2026-04-23T08:41:07","guid":{"rendered":"https:\/\/www.ljportal.com\/osmrtnice\/?p=22594"},"modified":"2026-04-27T17:08:23","modified_gmt":"2026-04-27T15:08:23","slug":"stjepan-strlek","status":"publish","type":"post","link":"https:\/\/www.ljportal.com\/osmrtnice\/stjepan-strlek\/","title":{"rendered":"Stjepan \u0160trlek"},"content":{"rendered":"<p><em>&#8230;O&#8230; Bo\u017ee zar si pozvao mene, Tvoje usne moje reko\u0161e ime, od sada idem kamo \u0161alje\u0161 me&#8230; Ti &#8230;<\/em><\/p>\n<p><strong><img decoding=\"async\" src=\"https:\/\/www.ljportal.com\/osmrtnice\/wp-content\/uploads\/2026\/04\/StjepanStrlek.png\" \/><br \/>\nSTJEPAN \u0160TRLEK<\/strong><br \/>\n<strong>10.12.1943. &#8211; 22.04.2026.<\/strong><\/p>\n<p>Posljedni ispra\u0107aj i izraze su\u0107uti obitelj prima u ponedjeljak, 27. travnja 2026. u 13,00 sati iz mrtva\u010dnice na Novom groblju u Dugom Selu. Zahvalni za ljubav i dobrotu koju si dijelija sa nama&#8230;<\/p>\n<p>Tvoji: supruga Ru\u017ea, k\u0107erke Jasna i Vesna, obitelji pok. bra\u0107e Ive i Jo\u017ee, sestara Marice i pok. An\u0111ele te obitelji \u0160trlek, Pavlovi\u0107, Pili\u010di\u0107, Tomi\u010di\u0107, Strija, Smiljanec, Prskalo, Duman\u010di\u0107, Raji\u0107 te ostala rodbina, kumovi i prijatelji a posebna zahvala obitelji Biljane Vukovi\u0107 i Domu za starije i nemo\u0107ne.<\/p>\n<p><strong>PO\u010cIVAO U MIRU BO\u017dJEM!<\/strong><\/p>\n<div class=\"thanks_button_div\" \n                  style=\"display: inline-block;\"><div id=\"thanksButtonDiv_22594_1\" style=\"background-image:url(http:\/\/www.osmrtnice.ljportal.com\/wp-content\/uploads\/2018\/02\/zapali_svijecu_1.png); background-repeat:no-repeat; float: left; display: inline;\"\n                onmouseover=\"javascript:thankYouChangeButtonImage('thanksButtonDiv_22594_1', true);\" \n                onmouseout=\"javascript:thankYouChangeButtonImage('thanksButtonDiv_22594_1', false);\"\n                onclick=\"javascript:thankYouChangeButtonImage('thanksButtonDiv_22594_1', false);\" >\n                <input type=\"button\" onclick=\"thankYouButtonClick(22594, 'Ve\u0107 ste zapalili svije\u0107u')\" value=\"Zapali svije\u0107u ~ 680\"\n                  class=\"thanks_button thanks_custom \"\n                  style=\"width:250px; height:50px; font-family: Verdana, Arial, Sans-Serif; font-size: 14px; font-weight: normal;; color:#000;\"\n                  id=\"thanksButton_22594_1\" title=\"Zapali svije\u0107u\"\/>\n             <\/div><div id=\"ajax_loader_22594_1\" style=\"display:inline;visibility: hidden;\"><img decoding=\"async\" alt=\"ajax loader\" src=\"https:\/\/www.ljportal.com\/osmrtnice\/wp-content\/plugins\/thanks-you-counter-button\/images\/ajax-loader.gif\" \/><\/div><\/div>","protected":false},"excerpt":{"rendered":"","protected":false},"author":2,"featured_media":22595,"comment_status":"closed","ping_status":"closed","sticky":false,"template":"","format":"standard","meta":{"footnotes":""},"categories":[7],"tags":[23],"class_list":["post-22594","post","type-post","status-publish","format-standard","has-post-thumbnail","hentry","category-osmrtnice","tag-ljportal"],"rttpg_featured_image_url":{"full":["https:\/\/www.ljportal.com\/osmrtnice\/wp-content\/uploads\/2026\/04\/StjepanStrlek.png",150,200,false],"landscape":["https:\/\/www.ljportal.com\/osmrtnice\/wp-content\/uploads\/2026\/04\/StjepanStrlek.png",150,200,false],"portraits":["https:\/\/www.ljportal.com\/osmrtnice\/wp-content\/uploads\/2026\/04\/StjepanStrlek.png",150,200,false],"thumbnail":["https:\/\/www.ljportal.com\/osmrtnice\/wp-content\/uploads\/2026\/04\/StjepanStrlek-150x150.png",150,150,true],"medium":["https:\/\/www.ljportal.com\/osmrtnice\/wp-content\/uploads\/2026\/04\/StjepanStrlek.png",150,200,false],"large":["https:\/\/www.ljportal.com\/osmrtnice\/wp-content\/uploads\/2026\/04\/StjepanStrlek.png",150,200,false],"1536x1536":["https:\/\/www.ljportal.com\/osmrtnice\/wp-content\/uploads\/2026\/04\/StjepanStrlek.png",150,200,false],"2048x2048":["https:\/\/www.ljportal.com\/osmrtnice\/wp-content\/uploads\/2026\/04\/StjepanStrlek.png",150,200,false],"post-thumbnail":["https:\/\/www.ljportal.com\/osmrtnice\/wp-content\/uploads\/2026\/04\/StjepanStrlek.png",150,200,false],"poseidon-header-image":["https:\/\/www.ljportal.com\/osmrtnice\/wp-content\/uploads\/2026\/04\/StjepanStrlek.png",150,200,false],"poseidon-thumbnail-small":["https:\/\/www.ljportal.com\/osmrtnice\/wp-content\/uploads\/2026\/04\/StjepanStrlek-120x80.png",120,80,true],"poseidon-thumbnail-medium":["https:\/\/www.ljportal.com\/osmrtnice\/wp-content\/uploads\/2026\/04\/StjepanStrlek.png",150,200,false],"poseidon-thumbnail-large":["https:\/\/www.ljportal.com\/osmrtnice\/wp-content\/uploads\/2026\/04\/StjepanStrlek.png",150,200,false],"poseidon-thumbnail-single":["https:\/\/www.ljportal.com\/osmrtnice\/wp-content\/uploads\/2026\/04\/StjepanStrlek.png",150,200,false],"rt_custom":["https:\/\/www.ljportal.com\/osmrtnice\/wp-content\/uploads\/2026\/04\/StjepanStrlek.png",150,200,false]},"rttpg_author":{"display_name":"Osmrtnice Ljubuski","author_link":"https:\/\/www.ljportal.com\/osmrtnice\/author\/bubalo\/"},"rttpg_comment":0,"rttpg_category":"<a href=\"https:\/\/www.ljportal.com\/osmrtnice\/category\/osmrtnice\/\" rel=\"category tag\">Osmrtnice<\/a>","rttpg_excerpt":null,"_links":{"self":[{"href":"https:\/\/www.ljportal.com\/osmrtnice\/wp-json\/wp\/v2\/posts\/22594","targetHints":{"allow":["GET"]}}],"collection":[{"href":"https:\/\/www.ljportal.com\/osmrtnice\/wp-json\/wp\/v2\/posts"}],"about":[{"href":"https:\/\/www.ljportal.com\/osmrtnice\/wp-json\/wp\/v2\/types\/post"}],"author":[{"embeddable":true,"href":"https:\/\/www.ljportal.com\/osmrtnice\/wp-json\/wp\/v2\/users\/2"}],"replies":[{"embeddable":true,"href":"https:\/\/www.ljportal.com\/osmrtnice\/wp-json\/wp\/v2\/comments?post=22594"}],"version-history":[{"count":2,"href":"https:\/\/www.ljportal.com\/osmrtnice\/wp-json\/wp\/v2\/posts\/22594\/revisions"}],"predecessor-version":[{"id":22598,"href":"https:\/\/www.ljportal.com\/osmrtnice\/wp-json\/wp\/v2\/posts\/22594\/revisions\/22598"}],"wp:featuredmedia":[{"embeddable":true,"href":"https:\/\/www.ljportal.com\/osmrtnice\/wp-json\/wp\/v2\/media\/22595"}],"wp:attachment":[{"href":"https:\/\/www.ljportal.com\/osmrtnice\/wp-json\/wp\/v2\/media?parent=22594"}],"wp:term":[{"taxonomy":"category","embeddable":true,"href":"https:\/\/www.ljportal.com\/osmrtnice\/wp-json\/wp\/v2\/categories?post=22594"},{"taxonomy":"post_tag","embeddable":true,"href":"https:\/\/www.ljportal.com\/osmrtnice\/wp-json\/wp\/v2\/tags?post=22594"}],"curies":[{"name":"wp","href":"https:\/\/api.w.org\/{rel}","templated":true}]}}