{"id":23559,"date":"2026-08-27T13:04:25","date_gmt":"2026-08-27T11:04:25","guid":{"rendered":"https:\/\/www.ljportal.com\/osmrtnice\/?p=23559"},"modified":"2026-08-29T00:11:59","modified_gmt":"2026-08-28T22:11:59","slug":"stjepan-tomic","status":"publish","type":"post","link":"https:\/\/www.ljportal.com\/osmrtnice\/stjepan-tomic\/","title":{"rendered":"Stjepan Tomi\u0107"},"content":{"rendered":"<p>\u02ddJa sam uskrsnu\u0107e i \u017eivot: Tko u mene vjeruje, ako i umre \u017eivjet \u0107e\u02dd(Iv 11,26). Utje\u0161eni ovim Isusovim rije\u010dima javljamo svoj rodbini, prijateljima i znancima da je na\u0161 dragi<\/p>\n<p><img decoding=\"async\" src=\"https:\/\/www.ljportal.com\/osmrtnice\/wp-content\/uploads\/2026\/08\/StjepanTomic.png\" \/><br \/>\n<strong>STJEPAN TOMI\u0106 pok. Mirka<\/strong><br \/>\n<strong>1939. &#8211; 2026.<\/strong><\/p>\n<p>Iznenada blago u Gospodinu preminuo dana 27.08.2026. godine u 87-oj godini \u017eivota. Sprovod kre\u0107e iz mrtva\u010dnice na Krvnici u subotu 29.08.2026. godine u 17 sati. Sahrana \u0107e se obaviti na groblju Krvnica-Radi\u0161i\u0107i. Obitelj prima izraze su\u0107uti od 16 sati u mrtva\u010dnici.<\/p>\n<p><strong>O\u017dALO\u0160\u0106ENI:<\/strong><br \/>\nsupruga IVA, sinovi: MIRKO i DRAGAN, bra\u0107a: ANTE i SRE\u0106KO s obiteljima, \u0161ure: JOZO, BO\u017dE i MILE s obiteljima, svastike: AN\u0110A i SLAVKA s obiteljima, obitelj pok. \u0161ure IVANA, obitelj pok. svastike MILE, obitelji: TOMI\u0106, \u0160ARAC, MARIJANOVI\u0106, BOK\u0160I\u0106 i DUGAND\u017dI\u0106, te ostala tuguju\u0107a rodbina i prijatelji.<\/p>\n<p><strong>PO\u010cIVAO U MIRU BO\u017dJEM !<\/strong><\/p>\n","protected":false},"excerpt":{"rendered":"","protected":false},"author":2,"featured_media":23560,"comment_status":"closed","ping_status":"closed","sticky":false,"template":"","format":"standard","meta":{"footnotes":""},"categories":[7],"tags":[18],"class_list":["post-23559","post","type-post","status-publish","format-standard","has-post-thumbnail","hentry","category-osmrtnice","tag-viktorija"],"rttpg_featured_image_url":{"full":["https:\/\/www.ljportal.com\/osmrtnice\/wp-content\/uploads\/2026\/08\/StjepanTomic.png",150,200,false],"landscape":["https:\/\/www.ljportal.com\/osmrtnice\/wp-content\/uploads\/2026\/08\/StjepanTomic.png",150,200,false],"portraits":["https:\/\/www.ljportal.com\/osmrtnice\/wp-content\/uploads\/2026\/08\/StjepanTomic.png",150,200,false],"thumbnail":["https:\/\/www.ljportal.com\/osmrtnice\/wp-content\/uploads\/2026\/08\/StjepanTomic-150x150.png",150,150,true],"medium":["https:\/\/www.ljportal.com\/osmrtnice\/wp-content\/uploads\/2026\/08\/StjepanTomic.png",150,200,false],"large":["https:\/\/www.ljportal.com\/osmrtnice\/wp-content\/uploads\/2026\/08\/StjepanTomic.png",150,200,false],"1536x1536":["https:\/\/www.ljportal.com\/osmrtnice\/wp-content\/uploads\/2026\/08\/StjepanTomic.png",150,200,false],"2048x2048":["https:\/\/www.ljportal.com\/osmrtnice\/wp-content\/uploads\/2026\/08\/StjepanTomic.png",150,200,false],"post-thumbnail":["https:\/\/www.ljportal.com\/osmrtnice\/wp-content\/uploads\/2026\/08\/StjepanTomic.png",150,200,false],"poseidon-header-image":["https:\/\/www.ljportal.com\/osmrtnice\/wp-content\/uploads\/2026\/08\/StjepanTomic.png",150,200,false],"poseidon-thumbnail-small":["https:\/\/www.ljportal.com\/osmrtnice\/wp-content\/uploads\/2026\/08\/StjepanTomic-120x80.png",120,80,true],"poseidon-thumbnail-medium":["https:\/\/www.ljportal.com\/osmrtnice\/wp-content\/uploads\/2026\/08\/StjepanTomic.png",150,200,false],"poseidon-thumbnail-large":["https:\/\/www.ljportal.com\/osmrtnice\/wp-content\/uploads\/2026\/08\/StjepanTomic.png",150,200,false],"poseidon-thumbnail-single":["https:\/\/www.ljportal.com\/osmrtnice\/wp-content\/uploads\/2026\/08\/StjepanTomic.png",150,200,false],"rt_custom":["https:\/\/www.ljportal.com\/osmrtnice\/wp-content\/uploads\/2026\/08\/StjepanTomic.png",150,200,false]},"rttpg_author":{"display_name":"Osmrtnice Ljubuski","author_link":"https:\/\/www.ljportal.com\/osmrtnice\/author\/bubalo\/"},"rttpg_comment":0,"rttpg_category":"<a href=\"https:\/\/www.ljportal.com\/osmrtnice\/category\/osmrtnice\/\" rel=\"category tag\">Osmrtnice<\/a>","rttpg_excerpt":null,"_links":{"self":[{"href":"https:\/\/www.ljportal.com\/osmrtnice\/wp-json\/wp\/v2\/posts\/23559","targetHints":{"allow":["GET"]}}],"collection":[{"href":"https:\/\/www.ljportal.com\/osmrtnice\/wp-json\/wp\/v2\/posts"}],"about":[{"href":"https:\/\/www.ljportal.com\/osmrtnice\/wp-json\/wp\/v2\/types\/post"}],"author":[{"embeddable":true,"href":"https:\/\/www.ljportal.com\/osmrtnice\/wp-json\/wp\/v2\/users\/2"}],"replies":[{"embeddable":true,"href":"https:\/\/www.ljportal.com\/osmrtnice\/wp-json\/wp\/v2\/comments?post=23559"}],"version-history":[{"count":1,"href":"https:\/\/www.ljportal.com\/osmrtnice\/wp-json\/wp\/v2\/posts\/23559\/revisions"}],"predecessor-version":[{"id":23561,"href":"https:\/\/www.ljportal.com\/osmrtnice\/wp-json\/wp\/v2\/posts\/23559\/revisions\/23561"}],"wp:featuredmedia":[{"embeddable":true,"href":"https:\/\/www.ljportal.com\/osmrtnice\/wp-json\/wp\/v2\/media\/23560"}],"wp:attachment":[{"href":"https:\/\/www.ljportal.com\/osmrtnice\/wp-json\/wp\/v2\/media?parent=23559"}],"wp:term":[{"taxonomy":"category","embeddable":true,"href":"https:\/\/www.ljportal.com\/osmrtnice\/wp-json\/wp\/v2\/categories?post=23559"},{"taxonomy":"post_tag","embeddable":true,"href":"https:\/\/www.ljportal.com\/osmrtnice\/wp-json\/wp\/v2\/tags?post=23559"}],"curies":[{"name":"wp","href":"https:\/\/api.w.org\/{rel}","templated":true}]}}