{"id":23567,"date":"2026-08-28T09:17:22","date_gmt":"2026-08-28T07:17:22","guid":{"rendered":"https:\/\/www.ljportal.com\/osmrtnice\/?p=23567"},"modified":"2026-08-28T09:17:22","modified_gmt":"2026-08-28T07:17:22","slug":"jasminka-weber","status":"publish","type":"post","link":"https:\/\/www.ljportal.com\/osmrtnice\/jasminka-weber\/","title":{"rendered":"Jasminka Weber"},"content":{"rendered":"<p style=\"text-align: center;\">Gospodine, Tvojim se vjernima<br \/>\n\u017eivot mijenja, a ne oduzima!<br \/>\n\u201cJa sam uskrsnu\u0107e i \u017eivot: tko u mene vjeruje, ako i umre \u017eivjet \u0107e!\u201d(Iv 11,26).<br \/>\nUtje\u0161eni ovim Isusovim rije\u010dima javljamo svoj rodbini, prijateljima i znancima da je na\u0161 draga<\/p>\n<p style=\"text-align: center;\"><strong><img loading=\"lazy\" decoding=\"async\" class=\"alignnone size-full wp-image-23568\" src=\"https:\/\/www.ljportal.com\/osmrtnice\/wp-content\/uploads\/2026\/08\/jasminka_weber.jpg\" alt=\"\" width=\"150\" height=\"200\" \/><br \/>\nJASMINKA WEBER ro\u0111. BILI\u0106 pok. IVANA<\/strong><br \/>\n<strong>1962.-2026.<\/strong><\/p>\n<p style=\"text-align: center;\">\nnakon kra\u0107e bolesti, preminula u \u010detvrtak, 27. 08. 2026. god. u 64. godini \u017eivota. Sprovodni obred po\u010dinje u subotu, 29. 08. 2026. god. u 18:00 sati na Novom groblju na HUMCU, gdje \u0107e biti i pokop.<br \/>\nObitelj prima izraze su\u0107uti od 17:00 sati ispred kapelice.<\/p>\n<p style=\"text-align: center;\"><strong>O\u017dALO\u0160\u0106ENI: <\/strong><br \/>\nsestre: VILA s obitelji, MLADENKA s obitelji, NEDELJKA-NEDA i SLAVICA, nevjesta SMILJKA, brati\u0107i: IVAN, NIKOLA i MARIO, sestri\u0107 GORAN, o\u017ealo\u0161\u0107ene obitelji: BILI\u0106, MAGNUSSON, PREE, LU\u010cI\u0106, TREPTE, MATI\u0106, PARAD\u017dIK i ostala tuguju\u0107a rodbina i prijatelji.<\/p>\n<p style=\"text-align: center;\">\n<strong>PO\u010cIVALA U MIRU BO\u017dJEM!<\/strong><\/p>\n<p style=\"text-align: center;\">\n","protected":false},"excerpt":{"rendered":"","protected":false},"author":1,"featured_media":23568,"comment_status":"closed","ping_status":"closed","sticky":false,"template":"","format":"standard","meta":{"footnotes":""},"categories":[7],"tags":[19],"class_list":["post-23567","post","type-post","status-publish","format-standard","has-post-thumbnail","hentry","category-osmrtnice","tag-grubisic"],"rttpg_featured_image_url":{"full":["https:\/\/www.ljportal.com\/osmrtnice\/wp-content\/uploads\/2026\/08\/jasminka_weber.jpg",150,200,false],"landscape":["https:\/\/www.ljportal.com\/osmrtnice\/wp-content\/uploads\/2026\/08\/jasminka_weber.jpg",150,200,false],"portraits":["https:\/\/www.ljportal.com\/osmrtnice\/wp-content\/uploads\/2026\/08\/jasminka_weber.jpg",150,200,false],"thumbnail":["https:\/\/www.ljportal.com\/osmrtnice\/wp-content\/uploads\/2026\/08\/jasminka_weber-150x150.jpg",150,150,true],"medium":["https:\/\/www.ljportal.com\/osmrtnice\/wp-content\/uploads\/2026\/08\/jasminka_weber.jpg",150,200,false],"large":["https:\/\/www.ljportal.com\/osmrtnice\/wp-content\/uploads\/2026\/08\/jasminka_weber.jpg",150,200,false],"1536x1536":["https:\/\/www.ljportal.com\/osmrtnice\/wp-content\/uploads\/2026\/08\/jasminka_weber.jpg",150,200,false],"2048x2048":["https:\/\/www.ljportal.com\/osmrtnice\/wp-content\/uploads\/2026\/08\/jasminka_weber.jpg",150,200,false],"post-thumbnail":["https:\/\/www.ljportal.com\/osmrtnice\/wp-content\/uploads\/2026\/08\/jasminka_weber.jpg",150,200,false],"poseidon-header-image":["https:\/\/www.ljportal.com\/osmrtnice\/wp-content\/uploads\/2026\/08\/jasminka_weber.jpg",150,200,false],"poseidon-thumbnail-small":["https:\/\/www.ljportal.com\/osmrtnice\/wp-content\/uploads\/2026\/08\/jasminka_weber-120x80.jpg",120,80,true],"poseidon-thumbnail-medium":["https:\/\/www.ljportal.com\/osmrtnice\/wp-content\/uploads\/2026\/08\/jasminka_weber.jpg",150,200,false],"poseidon-thumbnail-large":["https:\/\/www.ljportal.com\/osmrtnice\/wp-content\/uploads\/2026\/08\/jasminka_weber.jpg",150,200,false],"poseidon-thumbnail-single":["https:\/\/www.ljportal.com\/osmrtnice\/wp-content\/uploads\/2026\/08\/jasminka_weber.jpg",150,200,false],"rt_custom":["https:\/\/www.ljportal.com\/osmrtnice\/wp-content\/uploads\/2026\/08\/jasminka_weber.jpg",150,200,false]},"rttpg_author":{"display_name":"ljportal.com","author_link":"https:\/\/www.ljportal.com\/osmrtnice\/author\/ibubalo\/"},"rttpg_comment":0,"rttpg_category":"<a href=\"https:\/\/www.ljportal.com\/osmrtnice\/category\/osmrtnice\/\" rel=\"category tag\">Osmrtnice<\/a>","rttpg_excerpt":null,"_links":{"self":[{"href":"https:\/\/www.ljportal.com\/osmrtnice\/wp-json\/wp\/v2\/posts\/23567","targetHints":{"allow":["GET"]}}],"collection":[{"href":"https:\/\/www.ljportal.com\/osmrtnice\/wp-json\/wp\/v2\/posts"}],"about":[{"href":"https:\/\/www.ljportal.com\/osmrtnice\/wp-json\/wp\/v2\/types\/post"}],"author":[{"embeddable":true,"href":"https:\/\/www.ljportal.com\/osmrtnice\/wp-json\/wp\/v2\/users\/1"}],"replies":[{"embeddable":true,"href":"https:\/\/www.ljportal.com\/osmrtnice\/wp-json\/wp\/v2\/comments?post=23567"}],"version-history":[{"count":1,"href":"https:\/\/www.ljportal.com\/osmrtnice\/wp-json\/wp\/v2\/posts\/23567\/revisions"}],"predecessor-version":[{"id":23569,"href":"https:\/\/www.ljportal.com\/osmrtnice\/wp-json\/wp\/v2\/posts\/23567\/revisions\/23569"}],"wp:featuredmedia":[{"embeddable":true,"href":"https:\/\/www.ljportal.com\/osmrtnice\/wp-json\/wp\/v2\/media\/23568"}],"wp:attachment":[{"href":"https:\/\/www.ljportal.com\/osmrtnice\/wp-json\/wp\/v2\/media?parent=23567"}],"wp:term":[{"taxonomy":"category","embeddable":true,"href":"https:\/\/www.ljportal.com\/osmrtnice\/wp-json\/wp\/v2\/categories?post=23567"},{"taxonomy":"post_tag","embeddable":true,"href":"https:\/\/www.ljportal.com\/osmrtnice\/wp-json\/wp\/v2\/tags?post=23567"}],"curies":[{"name":"wp","href":"https:\/\/api.w.org\/{rel}","templated":true}]}}