{"id":23587,"date":"2026-08-29T07:53:28","date_gmt":"2026-08-29T05:53:28","guid":{"rendered":"https:\/\/www.ljportal.com\/osmrtnice\/?p=23587"},"modified":"2026-08-29T07:53:28","modified_gmt":"2026-08-29T05:53:28","slug":"jasminka-weber-3","status":"publish","type":"post","link":"https:\/\/www.ljportal.com\/osmrtnice\/jasminka-weber-3\/","title":{"rendered":"Jasminka Weber"},"content":{"rendered":"<p><strong><img loading=\"lazy\" decoding=\"async\" class=\"alignnone size-full wp-image-23568\" src=\"https:\/\/www.ljportal.com\/osmrtnice\/wp-content\/uploads\/2026\/08\/jasminka_weber.jpg\" alt=\"\" width=\"150\" height=\"200\" \/><br \/>\nJASMINKA WEBER ro\u0111. BILI\u0106 pok. IVANA<\/strong><br \/>\n<strong>1962.-2026.<\/p>\n<p><\/strong>Draga sestro,<\/p>\n<p>Svaki rastanak ostavlja duboku prazninu i ranu u na\u0161em srcu, a ovaj posebno.<br \/>\nSje\u0107anje na na\u0161e zajedni\u010dke trenutke smijeha, radosti i suza znak je kako se vi\u0161e nikada ne\u0161to sli\u010dno ne\u0107e ponoviti.<br \/>\nBol zbog tvog gubitka, draga Jasna, ostavlja dubok trag koji nikada ne\u0107e zacijeliti.<br \/>\nNek ti dobri Bog bude nagrada za sve \u0161to si u\u010dinila u svome \u017eivotu.<\/p>\n<p><strong>Tvoja sestra Vila, zet Claes i ne\u0107aci Robin i Markus<\/strong><\/p>\n<p><strong>\u00a0<\/strong><\/p>\n","protected":false},"excerpt":{"rendered":"","protected":false},"author":2,"featured_media":23568,"comment_status":"closed","ping_status":"closed","sticky":false,"template":"","format":"standard","meta":{"footnotes":""},"categories":[5],"tags":[],"class_list":["post-23587","post","type-post","status-publish","format-standard","has-post-thumbnail","hentry","category-posljednji-pozdrav"],"rttpg_featured_image_url":{"full":["https:\/\/www.ljportal.com\/osmrtnice\/wp-content\/uploads\/2026\/08\/jasminka_weber.jpg",150,200,false],"landscape":["https:\/\/www.ljportal.com\/osmrtnice\/wp-content\/uploads\/2026\/08\/jasminka_weber.jpg",150,200,false],"portraits":["https:\/\/www.ljportal.com\/osmrtnice\/wp-content\/uploads\/2026\/08\/jasminka_weber.jpg",150,200,false],"thumbnail":["https:\/\/www.ljportal.com\/osmrtnice\/wp-content\/uploads\/2026\/08\/jasminka_weber-150x150.jpg",150,150,true],"medium":["https:\/\/www.ljportal.com\/osmrtnice\/wp-content\/uploads\/2026\/08\/jasminka_weber.jpg",150,200,false],"large":["https:\/\/www.ljportal.com\/osmrtnice\/wp-content\/uploads\/2026\/08\/jasminka_weber.jpg",150,200,false],"1536x1536":["https:\/\/www.ljportal.com\/osmrtnice\/wp-content\/uploads\/2026\/08\/jasminka_weber.jpg",150,200,false],"2048x2048":["https:\/\/www.ljportal.com\/osmrtnice\/wp-content\/uploads\/2026\/08\/jasminka_weber.jpg",150,200,false],"post-thumbnail":["https:\/\/www.ljportal.com\/osmrtnice\/wp-content\/uploads\/2026\/08\/jasminka_weber.jpg",150,200,false],"poseidon-header-image":["https:\/\/www.ljportal.com\/osmrtnice\/wp-content\/uploads\/2026\/08\/jasminka_weber.jpg",150,200,false],"poseidon-thumbnail-small":["https:\/\/www.ljportal.com\/osmrtnice\/wp-content\/uploads\/2026\/08\/jasminka_weber-120x80.jpg",120,80,true],"poseidon-thumbnail-medium":["https:\/\/www.ljportal.com\/osmrtnice\/wp-content\/uploads\/2026\/08\/jasminka_weber.jpg",150,200,false],"poseidon-thumbnail-large":["https:\/\/www.ljportal.com\/osmrtnice\/wp-content\/uploads\/2026\/08\/jasminka_weber.jpg",150,200,false],"poseidon-thumbnail-single":["https:\/\/www.ljportal.com\/osmrtnice\/wp-content\/uploads\/2026\/08\/jasminka_weber.jpg",150,200,false],"rt_custom":["https:\/\/www.ljportal.com\/osmrtnice\/wp-content\/uploads\/2026\/08\/jasminka_weber.jpg",150,200,false]},"rttpg_author":{"display_name":"Osmrtnice Ljubuski","author_link":"https:\/\/www.ljportal.com\/osmrtnice\/author\/bubalo\/"},"rttpg_comment":0,"rttpg_category":"<a href=\"https:\/\/www.ljportal.com\/osmrtnice\/category\/posljednji-pozdrav\/\" rel=\"category tag\">Posljednji pozdrav<\/a>","rttpg_excerpt":null,"_links":{"self":[{"href":"https:\/\/www.ljportal.com\/osmrtnice\/wp-json\/wp\/v2\/posts\/23587","targetHints":{"allow":["GET"]}}],"collection":[{"href":"https:\/\/www.ljportal.com\/osmrtnice\/wp-json\/wp\/v2\/posts"}],"about":[{"href":"https:\/\/www.ljportal.com\/osmrtnice\/wp-json\/wp\/v2\/types\/post"}],"author":[{"embeddable":true,"href":"https:\/\/www.ljportal.com\/osmrtnice\/wp-json\/wp\/v2\/users\/2"}],"replies":[{"embeddable":true,"href":"https:\/\/www.ljportal.com\/osmrtnice\/wp-json\/wp\/v2\/comments?post=23587"}],"version-history":[{"count":1,"href":"https:\/\/www.ljportal.com\/osmrtnice\/wp-json\/wp\/v2\/posts\/23587\/revisions"}],"predecessor-version":[{"id":23588,"href":"https:\/\/www.ljportal.com\/osmrtnice\/wp-json\/wp\/v2\/posts\/23587\/revisions\/23588"}],"wp:featuredmedia":[{"embeddable":true,"href":"https:\/\/www.ljportal.com\/osmrtnice\/wp-json\/wp\/v2\/media\/23568"}],"wp:attachment":[{"href":"https:\/\/www.ljportal.com\/osmrtnice\/wp-json\/wp\/v2\/media?parent=23587"}],"wp:term":[{"taxonomy":"category","embeddable":true,"href":"https:\/\/www.ljportal.com\/osmrtnice\/wp-json\/wp\/v2\/categories?post=23587"},{"taxonomy":"post_tag","embeddable":true,"href":"https:\/\/www.ljportal.com\/osmrtnice\/wp-json\/wp\/v2\/tags?post=23587"}],"curies":[{"name":"wp","href":"https:\/\/api.w.org\/{rel}","templated":true}]}}