{"id":23589,"date":"2026-08-29T18:07:54","date_gmt":"2026-08-29T16:07:54","guid":{"rendered":"https:\/\/www.ljportal.com\/osmrtnice\/?p=23589"},"modified":"2026-08-29T18:07:54","modified_gmt":"2026-08-29T16:07:54","slug":"danica-boras","status":"publish","type":"post","link":"https:\/\/www.ljportal.com\/osmrtnice\/danica-boras\/","title":{"rendered":"Danica Boras"},"content":{"rendered":"<p>Gospodine, tvojim se vjernima \u017eivot mijenja, a ne oduzima! Ja sam uskrsnu\u0107e i \u017eivot, tko u mene vjeruje, ako i umre \u017eivjet \u0107e. (Iv 11,26)\u00a0Utje\u0161eni ovim Isusovim rije\u010dima, javljamo rodbini, prijateljima i znancima da je na\u0161a draga<\/p>\n<p><strong><img decoding=\"async\" src=\"https:\/\/www.ljportal.com\/osmrtnice\/wp-content\/uploads\/2026\/08\/DanicaBoras.png\" \/><br \/>\nDANICA BORAS ud. Joze<\/strong><br \/>\n<strong>1940.-2026.<\/strong><\/p>\n<p>blago u Gospodinu preminula u subotu 29. kolovoza 2026. godine u svojoj 86-oj godini \u017eivota. Sprovodni obred i pokop \u0107e se obaviti na groblju \u017dabar &#8211; Hardomilje, utorak 1. rujna 2026. godine u 18 sati. Obitelj prima izraze su\u0107uti u mrtva\u010dnici na groblju od 17:30 sati.<\/p>\n<p><strong>O\u017dALO\u0160\u0106ENI:<br \/>\n<\/strong>TONI, BERNARD s obitelji, BRANKICA s obitelji, brat FRANO s obitelji, sestre: \u0160IMA i MARA s obiteljima, obitelj pok. brata LJUBE, obitelj pok. sestre NADE, obitelji: BORAS, MILO\u0160, VUK\u0160I\u0106 i ZORI\u0106 te ostala rodbina i prijatelji.<\/p>\n<p><strong>PO\u010cIVALA U MIRU BO\u017dJEM !<\/strong><\/p>\n","protected":false},"excerpt":{"rendered":"","protected":false},"author":2,"featured_media":23590,"comment_status":"closed","ping_status":"closed","sticky":false,"template":"","format":"standard","meta":{"footnotes":""},"categories":[7],"tags":[17],"class_list":["post-23589","post","type-post","status-publish","format-standard","has-post-thumbnail","hentry","category-osmrtnice","tag-boras"],"rttpg_featured_image_url":{"full":["https:\/\/www.ljportal.com\/osmrtnice\/wp-content\/uploads\/2026\/08\/DanicaBoras.png",150,200,false],"landscape":["https:\/\/www.ljportal.com\/osmrtnice\/wp-content\/uploads\/2026\/08\/DanicaBoras.png",150,200,false],"portraits":["https:\/\/www.ljportal.com\/osmrtnice\/wp-content\/uploads\/2026\/08\/DanicaBoras.png",150,200,false],"thumbnail":["https:\/\/www.ljportal.com\/osmrtnice\/wp-content\/uploads\/2026\/08\/DanicaBoras-150x150.png",150,150,true],"medium":["https:\/\/www.ljportal.com\/osmrtnice\/wp-content\/uploads\/2026\/08\/DanicaBoras.png",150,200,false],"large":["https:\/\/www.ljportal.com\/osmrtnice\/wp-content\/uploads\/2026\/08\/DanicaBoras.png",150,200,false],"1536x1536":["https:\/\/www.ljportal.com\/osmrtnice\/wp-content\/uploads\/2026\/08\/DanicaBoras.png",150,200,false],"2048x2048":["https:\/\/www.ljportal.com\/osmrtnice\/wp-content\/uploads\/2026\/08\/DanicaBoras.png",150,200,false],"post-thumbnail":["https:\/\/www.ljportal.com\/osmrtnice\/wp-content\/uploads\/2026\/08\/DanicaBoras.png",150,200,false],"poseidon-header-image":["https:\/\/www.ljportal.com\/osmrtnice\/wp-content\/uploads\/2026\/08\/DanicaBoras.png",150,200,false],"poseidon-thumbnail-small":["https:\/\/www.ljportal.com\/osmrtnice\/wp-content\/uploads\/2026\/08\/DanicaBoras-120x80.png",120,80,true],"poseidon-thumbnail-medium":["https:\/\/www.ljportal.com\/osmrtnice\/wp-content\/uploads\/2026\/08\/DanicaBoras.png",150,200,false],"poseidon-thumbnail-large":["https:\/\/www.ljportal.com\/osmrtnice\/wp-content\/uploads\/2026\/08\/DanicaBoras.png",150,200,false],"poseidon-thumbnail-single":["https:\/\/www.ljportal.com\/osmrtnice\/wp-content\/uploads\/2026\/08\/DanicaBoras.png",150,200,false],"rt_custom":["https:\/\/www.ljportal.com\/osmrtnice\/wp-content\/uploads\/2026\/08\/DanicaBoras.png",150,200,false]},"rttpg_author":{"display_name":"Osmrtnice Ljubuski","author_link":"https:\/\/www.ljportal.com\/osmrtnice\/author\/bubalo\/"},"rttpg_comment":0,"rttpg_category":"<a href=\"https:\/\/www.ljportal.com\/osmrtnice\/category\/osmrtnice\/\" rel=\"category tag\">Osmrtnice<\/a>","rttpg_excerpt":null,"_links":{"self":[{"href":"https:\/\/www.ljportal.com\/osmrtnice\/wp-json\/wp\/v2\/posts\/23589","targetHints":{"allow":["GET"]}}],"collection":[{"href":"https:\/\/www.ljportal.com\/osmrtnice\/wp-json\/wp\/v2\/posts"}],"about":[{"href":"https:\/\/www.ljportal.com\/osmrtnice\/wp-json\/wp\/v2\/types\/post"}],"author":[{"embeddable":true,"href":"https:\/\/www.ljportal.com\/osmrtnice\/wp-json\/wp\/v2\/users\/2"}],"replies":[{"embeddable":true,"href":"https:\/\/www.ljportal.com\/osmrtnice\/wp-json\/wp\/v2\/comments?post=23589"}],"version-history":[{"count":1,"href":"https:\/\/www.ljportal.com\/osmrtnice\/wp-json\/wp\/v2\/posts\/23589\/revisions"}],"predecessor-version":[{"id":23591,"href":"https:\/\/www.ljportal.com\/osmrtnice\/wp-json\/wp\/v2\/posts\/23589\/revisions\/23591"}],"wp:featuredmedia":[{"embeddable":true,"href":"https:\/\/www.ljportal.com\/osmrtnice\/wp-json\/wp\/v2\/media\/23590"}],"wp:attachment":[{"href":"https:\/\/www.ljportal.com\/osmrtnice\/wp-json\/wp\/v2\/media?parent=23589"}],"wp:term":[{"taxonomy":"category","embeddable":true,"href":"https:\/\/www.ljportal.com\/osmrtnice\/wp-json\/wp\/v2\/categories?post=23589"},{"taxonomy":"post_tag","embeddable":true,"href":"https:\/\/www.ljportal.com\/osmrtnice\/wp-json\/wp\/v2\/tags?post=23589"}],"curies":[{"name":"wp","href":"https:\/\/api.w.org\/{rel}","templated":true}]}}