{"id":23594,"date":"2026-08-29T22:43:49","date_gmt":"2026-08-29T20:43:49","guid":{"rendered":"https:\/\/www.ljportal.com\/osmrtnice\/?p=23594"},"modified":"2026-08-29T22:43:49","modified_gmt":"2026-08-29T20:43:49","slug":"zeljko-granic","status":"publish","type":"post","link":"https:\/\/www.ljportal.com\/osmrtnice\/zeljko-granic\/","title":{"rendered":"\u017deljko Grani\u0107"},"content":{"rendered":"<p>Gospodine, Tvojim se vjernima \u017eivot mijenja, a ne oduzima!\u201cJa sam uskrsnu\u0107e i \u017eivot: tko u mene vjeruje, ako i umre \u017eivjet \u0107e!\u201d (Iv 11,26). Utje\u0161eni ovim Isusovim rije\u010dima javljamo svoj rodbini, prijateljima i znancima da je na\u0161 dragi<br \/>\n<img decoding=\"async\" src=\"https:\/\/www.ljportal.com\/osmrtnice\/wp-content\/uploads\/2026\/08\/zeljkogranic.png\" \/><br \/>\n<strong>\u017dELJKO GRANI\u0106 pok. BLAGE<\/strong><br \/>\n<strong>1955.-2026.<\/strong><\/p>\n<p>iznenada preminuo u subotu, 29. kolovoza 2026. godine u 71. godini \u017eivota. Sprovodni obred i pokop dragog nam pokojnika obavit \u0107e se na mjesnom groblju \u201dPODVALE\u201c u VA\u0160AROVI\u0106IMA, u ponedjeljak, 31. kolovoza 2026. godine u 18:00 sati. Obitelj prima izraze su\u0107uti od 17:30 sati u crkvi u VA\u0160AROVI\u0106IMA.<\/p>\n<p><strong>O\u017dALO\u0160\u0106ENI:<\/strong><br \/>\nsupruga CHRISTINA, sin PERO, k\u0107eri: IVA i MARA, brat BRANKO, sestra LJILJA s obitelji, obitelj pok. ujaka KARLA, o\u017ealo\u0161\u0107ene obitelji: GRANI\u0106, PULJI\u0106, LAUC, HERCEG, BEBEK, MARINOVI\u0106 i ostala tuguju\u0107a rodbina i prijatelji.<\/p>\n<p><strong>PO\u010cIVAO U MIRU BO\u017dJEM!<\/strong><\/p>\n","protected":false},"excerpt":{"rendered":"","protected":false},"author":2,"featured_media":23595,"comment_status":"closed","ping_status":"closed","sticky":false,"template":"","format":"standard","meta":{"footnotes":""},"categories":[7],"tags":[19],"class_list":["post-23594","post","type-post","status-publish","format-standard","has-post-thumbnail","hentry","category-osmrtnice","tag-grubisic"],"rttpg_featured_image_url":{"full":["https:\/\/www.ljportal.com\/osmrtnice\/wp-content\/uploads\/2026\/08\/zeljkogranic.png",150,200,false],"landscape":["https:\/\/www.ljportal.com\/osmrtnice\/wp-content\/uploads\/2026\/08\/zeljkogranic.png",150,200,false],"portraits":["https:\/\/www.ljportal.com\/osmrtnice\/wp-content\/uploads\/2026\/08\/zeljkogranic.png",150,200,false],"thumbnail":["https:\/\/www.ljportal.com\/osmrtnice\/wp-content\/uploads\/2026\/08\/zeljkogranic-150x150.png",150,150,true],"medium":["https:\/\/www.ljportal.com\/osmrtnice\/wp-content\/uploads\/2026\/08\/zeljkogranic.png",150,200,false],"large":["https:\/\/www.ljportal.com\/osmrtnice\/wp-content\/uploads\/2026\/08\/zeljkogranic.png",150,200,false],"1536x1536":["https:\/\/www.ljportal.com\/osmrtnice\/wp-content\/uploads\/2026\/08\/zeljkogranic.png",150,200,false],"2048x2048":["https:\/\/www.ljportal.com\/osmrtnice\/wp-content\/uploads\/2026\/08\/zeljkogranic.png",150,200,false],"post-thumbnail":["https:\/\/www.ljportal.com\/osmrtnice\/wp-content\/uploads\/2026\/08\/zeljkogranic.png",150,200,false],"poseidon-header-image":["https:\/\/www.ljportal.com\/osmrtnice\/wp-content\/uploads\/2026\/08\/zeljkogranic.png",150,200,false],"poseidon-thumbnail-small":["https:\/\/www.ljportal.com\/osmrtnice\/wp-content\/uploads\/2026\/08\/zeljkogranic-120x80.png",120,80,true],"poseidon-thumbnail-medium":["https:\/\/www.ljportal.com\/osmrtnice\/wp-content\/uploads\/2026\/08\/zeljkogranic.png",150,200,false],"poseidon-thumbnail-large":["https:\/\/www.ljportal.com\/osmrtnice\/wp-content\/uploads\/2026\/08\/zeljkogranic.png",150,200,false],"poseidon-thumbnail-single":["https:\/\/www.ljportal.com\/osmrtnice\/wp-content\/uploads\/2026\/08\/zeljkogranic.png",150,200,false],"rt_custom":["https:\/\/www.ljportal.com\/osmrtnice\/wp-content\/uploads\/2026\/08\/zeljkogranic.png",150,200,false]},"rttpg_author":{"display_name":"Osmrtnice Ljubuski","author_link":"https:\/\/www.ljportal.com\/osmrtnice\/author\/bubalo\/"},"rttpg_comment":0,"rttpg_category":"<a href=\"https:\/\/www.ljportal.com\/osmrtnice\/category\/osmrtnice\/\" rel=\"category tag\">Osmrtnice<\/a>","rttpg_excerpt":null,"_links":{"self":[{"href":"https:\/\/www.ljportal.com\/osmrtnice\/wp-json\/wp\/v2\/posts\/23594","targetHints":{"allow":["GET"]}}],"collection":[{"href":"https:\/\/www.ljportal.com\/osmrtnice\/wp-json\/wp\/v2\/posts"}],"about":[{"href":"https:\/\/www.ljportal.com\/osmrtnice\/wp-json\/wp\/v2\/types\/post"}],"author":[{"embeddable":true,"href":"https:\/\/www.ljportal.com\/osmrtnice\/wp-json\/wp\/v2\/users\/2"}],"replies":[{"embeddable":true,"href":"https:\/\/www.ljportal.com\/osmrtnice\/wp-json\/wp\/v2\/comments?post=23594"}],"version-history":[{"count":1,"href":"https:\/\/www.ljportal.com\/osmrtnice\/wp-json\/wp\/v2\/posts\/23594\/revisions"}],"predecessor-version":[{"id":23596,"href":"https:\/\/www.ljportal.com\/osmrtnice\/wp-json\/wp\/v2\/posts\/23594\/revisions\/23596"}],"wp:featuredmedia":[{"embeddable":true,"href":"https:\/\/www.ljportal.com\/osmrtnice\/wp-json\/wp\/v2\/media\/23595"}],"wp:attachment":[{"href":"https:\/\/www.ljportal.com\/osmrtnice\/wp-json\/wp\/v2\/media?parent=23594"}],"wp:term":[{"taxonomy":"category","embeddable":true,"href":"https:\/\/www.ljportal.com\/osmrtnice\/wp-json\/wp\/v2\/categories?post=23594"},{"taxonomy":"post_tag","embeddable":true,"href":"https:\/\/www.ljportal.com\/osmrtnice\/wp-json\/wp\/v2\/tags?post=23594"}],"curies":[{"name":"wp","href":"https:\/\/api.w.org\/{rel}","templated":true}]}}