{"id":23603,"date":"2026-09-01T13:11:39","date_gmt":"2026-09-01T11:11:39","guid":{"rendered":"https:\/\/www.ljportal.com\/osmrtnice\/?p=23603"},"modified":"2026-09-02T10:49:14","modified_gmt":"2026-09-02T08:49:14","slug":"mira-vrazic","status":"publish","type":"post","link":"https:\/\/www.ljportal.com\/osmrtnice\/mira-vrazic\/","title":{"rendered":"Mira Vra\u017ei\u0107"},"content":{"rendered":"<p>Gospodine, Tvojim se vjernima \u017eivot mijenja, a ne oduzima! \u201cJa sam uskrsnu\u0107e i \u017eivot: tko u mene vjeruje, ako i umre \u017eivjet \u0107e!\u201d (Iv 11,26). Utje\u0161eni ovim Isusovim rije\u010dima javljamo svoj rodbini, prijateljima i znancima da je na\u0161a draga<\/p>\n<p><strong><img decoding=\"async\" src=\"https:\/\/www.ljportal.com\/osmrtnice\/wp-content\/uploads\/2026\/09\/MiraVrazic.png\" \/><br \/>\nMIRA VRA\u017dI\u0106<\/strong><br \/>\n<strong>1940.-2026.<\/strong><\/p>\n<p>blago u Gospodinu preminula u utorak,1. rujna 2026. godine u 86. godini \u017eivota. Sprovodni obred i pokop drage nam pokojnice bit \u0107e u srijedu, 02. 09. 2026. godine u 17:00 sati na Novom gradskom groblju &#8211; Predgra\u0111e-Ljubu\u0161ki.<\/p>\n<p><strong>O\u017dALO\u0160\u0106ENI:<\/strong><br \/>\nrodbina, kumovi i prijatelji.<\/p>\n<p><strong>PO\u010cIVALA U MIRU BO\u017dJEM!<\/strong><\/p>\n","protected":false},"excerpt":{"rendered":"","protected":false},"author":2,"featured_media":23604,"comment_status":"closed","ping_status":"closed","sticky":false,"template":"","format":"standard","meta":{"footnotes":""},"categories":[7],"tags":[18],"class_list":["post-23603","post","type-post","status-publish","format-standard","has-post-thumbnail","hentry","category-osmrtnice","tag-viktorija"],"rttpg_featured_image_url":{"full":["https:\/\/www.ljportal.com\/osmrtnice\/wp-content\/uploads\/2026\/09\/MiraVrazic.png",150,200,false],"landscape":["https:\/\/www.ljportal.com\/osmrtnice\/wp-content\/uploads\/2026\/09\/MiraVrazic.png",150,200,false],"portraits":["https:\/\/www.ljportal.com\/osmrtnice\/wp-content\/uploads\/2026\/09\/MiraVrazic.png",150,200,false],"thumbnail":["https:\/\/www.ljportal.com\/osmrtnice\/wp-content\/uploads\/2026\/09\/MiraVrazic-150x150.png",150,150,true],"medium":["https:\/\/www.ljportal.com\/osmrtnice\/wp-content\/uploads\/2026\/09\/MiraVrazic.png",150,200,false],"large":["https:\/\/www.ljportal.com\/osmrtnice\/wp-content\/uploads\/2026\/09\/MiraVrazic.png",150,200,false],"1536x1536":["https:\/\/www.ljportal.com\/osmrtnice\/wp-content\/uploads\/2026\/09\/MiraVrazic.png",150,200,false],"2048x2048":["https:\/\/www.ljportal.com\/osmrtnice\/wp-content\/uploads\/2026\/09\/MiraVrazic.png",150,200,false],"post-thumbnail":["https:\/\/www.ljportal.com\/osmrtnice\/wp-content\/uploads\/2026\/09\/MiraVrazic.png",150,200,false],"poseidon-header-image":["https:\/\/www.ljportal.com\/osmrtnice\/wp-content\/uploads\/2026\/09\/MiraVrazic.png",150,200,false],"poseidon-thumbnail-small":["https:\/\/www.ljportal.com\/osmrtnice\/wp-content\/uploads\/2026\/09\/MiraVrazic-120x80.png",120,80,true],"poseidon-thumbnail-medium":["https:\/\/www.ljportal.com\/osmrtnice\/wp-content\/uploads\/2026\/09\/MiraVrazic.png",150,200,false],"poseidon-thumbnail-large":["https:\/\/www.ljportal.com\/osmrtnice\/wp-content\/uploads\/2026\/09\/MiraVrazic.png",150,200,false],"poseidon-thumbnail-single":["https:\/\/www.ljportal.com\/osmrtnice\/wp-content\/uploads\/2026\/09\/MiraVrazic.png",150,200,false],"rt_custom":["https:\/\/www.ljportal.com\/osmrtnice\/wp-content\/uploads\/2026\/09\/MiraVrazic.png",150,200,false]},"rttpg_author":{"display_name":"Osmrtnice Ljubuski","author_link":"https:\/\/www.ljportal.com\/osmrtnice\/author\/bubalo\/"},"rttpg_comment":0,"rttpg_category":"<a href=\"https:\/\/www.ljportal.com\/osmrtnice\/category\/osmrtnice\/\" rel=\"category tag\">Osmrtnice<\/a>","rttpg_excerpt":null,"_links":{"self":[{"href":"https:\/\/www.ljportal.com\/osmrtnice\/wp-json\/wp\/v2\/posts\/23603","targetHints":{"allow":["GET"]}}],"collection":[{"href":"https:\/\/www.ljportal.com\/osmrtnice\/wp-json\/wp\/v2\/posts"}],"about":[{"href":"https:\/\/www.ljportal.com\/osmrtnice\/wp-json\/wp\/v2\/types\/post"}],"author":[{"embeddable":true,"href":"https:\/\/www.ljportal.com\/osmrtnice\/wp-json\/wp\/v2\/users\/2"}],"replies":[{"embeddable":true,"href":"https:\/\/www.ljportal.com\/osmrtnice\/wp-json\/wp\/v2\/comments?post=23603"}],"version-history":[{"count":5,"href":"https:\/\/www.ljportal.com\/osmrtnice\/wp-json\/wp\/v2\/posts\/23603\/revisions"}],"predecessor-version":[{"id":23609,"href":"https:\/\/www.ljportal.com\/osmrtnice\/wp-json\/wp\/v2\/posts\/23603\/revisions\/23609"}],"wp:featuredmedia":[{"embeddable":true,"href":"https:\/\/www.ljportal.com\/osmrtnice\/wp-json\/wp\/v2\/media\/23604"}],"wp:attachment":[{"href":"https:\/\/www.ljportal.com\/osmrtnice\/wp-json\/wp\/v2\/media?parent=23603"}],"wp:term":[{"taxonomy":"category","embeddable":true,"href":"https:\/\/www.ljportal.com\/osmrtnice\/wp-json\/wp\/v2\/categories?post=23603"},{"taxonomy":"post_tag","embeddable":true,"href":"https:\/\/www.ljportal.com\/osmrtnice\/wp-json\/wp\/v2\/tags?post=23603"}],"curies":[{"name":"wp","href":"https:\/\/api.w.org\/{rel}","templated":true}]}}