{"id":23627,"date":"2026-09-04T10:19:02","date_gmt":"2026-09-04T08:19:02","guid":{"rendered":"https:\/\/www.ljportal.com\/osmrtnice\/?p=23627"},"modified":"2026-09-04T10:19:02","modified_gmt":"2026-09-04T08:19:02","slug":"mara-dragicevic","status":"publish","type":"post","link":"https:\/\/www.ljportal.com\/osmrtnice\/mara-dragicevic\/","title":{"rendered":"Mara Dragi\u0107evi\u0107"},"content":{"rendered":"<p><em>&#8220;Ja sam uskrsnu\u0107e i \u017eivot: tko u mene vjeruje, ako i umre \u017eivjet \u0107e!&#8221; (Iv 11,26).<\/em><br \/>\nUtje\u0161eni ovim Isusovim rije\u010dima javljamo svoj rodbini, prijateljima i znancima da je na\u0161a draga<\/p>\n<p><strong><img decoding=\"async\" src=\"https:\/\/www.ljportal.com\/osmrtnice\/wp-content\/uploads\/2026\/09\/MaraDragicevic.png\" \/><br \/>\nMARA DRAGI\u0106EVI\u0106 udova VINKA, ro\u0111ena PAVLOVI\u0106<br \/>\n1941. &#8211; 2026.<\/strong><\/p>\n<p>blago u Gospodinu preminula dana 04. rujna 2026. godine u 86-oj godini \u017eivota. Ispra\u0107aj i pokop drage nam pokojnice obavit \u0107e se dana 05. rujna 2026. godine u 19,00 sati na mjesnom katoli\u010dkom groblju Svetog Josipa u Donjim Studencima. Obitelj prima su\u0107ut u kapelici pola sata prije ispra\u0107aja.<\/p>\n<p><strong>O\u017dALO\u0160\u0106ENI:<\/strong><br \/>\nsin MIROSLAV, k\u0107eri SLAVICA i MIRJANA, zetovi MARKO i MLADEN, unu\u010dad VINKO, ANTONIO, DOMAGOJ i MIRKO, bra\u0107a JOZO, MATE i ZDRAVKO s obiteljima, obitelji pokojne bra\u0107e MILANA i VESELKA, obitelji pokojnih djeverova IVANA i JOZE, obitelj pokojne zaove MARE, obitelji DRAGI\u0106EVI\u0106, PAVLOVI\u0106, RAGU\u017d, JURKOVI\u0106, DODIG, BERLAKOVICH, PETKOVI\u0106 te ostala mnogobrojna rodbina i prijatelji.<\/p>\n<p><strong>PO\u010cIVALA U MIRU BO\u017dJEM !<\/strong><\/p>\n","protected":false},"excerpt":{"rendered":"","protected":false},"author":2,"featured_media":23628,"comment_status":"closed","ping_status":"closed","sticky":false,"template":"","format":"standard","meta":{"footnotes":""},"categories":[7],"tags":[27],"class_list":["post-23627","post","type-post","status-publish","format-standard","has-post-thumbnail","hentry","category-osmrtnice","tag-umrli"],"rttpg_featured_image_url":{"full":["https:\/\/www.ljportal.com\/osmrtnice\/wp-content\/uploads\/2026\/09\/MaraDragicevic.png",150,200,false],"landscape":["https:\/\/www.ljportal.com\/osmrtnice\/wp-content\/uploads\/2026\/09\/MaraDragicevic.png",150,200,false],"portraits":["https:\/\/www.ljportal.com\/osmrtnice\/wp-content\/uploads\/2026\/09\/MaraDragicevic.png",150,200,false],"thumbnail":["https:\/\/www.ljportal.com\/osmrtnice\/wp-content\/uploads\/2026\/09\/MaraDragicevic-150x150.png",150,150,true],"medium":["https:\/\/www.ljportal.com\/osmrtnice\/wp-content\/uploads\/2026\/09\/MaraDragicevic.png",150,200,false],"large":["https:\/\/www.ljportal.com\/osmrtnice\/wp-content\/uploads\/2026\/09\/MaraDragicevic.png",150,200,false],"1536x1536":["https:\/\/www.ljportal.com\/osmrtnice\/wp-content\/uploads\/2026\/09\/MaraDragicevic.png",150,200,false],"2048x2048":["https:\/\/www.ljportal.com\/osmrtnice\/wp-content\/uploads\/2026\/09\/MaraDragicevic.png",150,200,false],"post-thumbnail":["https:\/\/www.ljportal.com\/osmrtnice\/wp-content\/uploads\/2026\/09\/MaraDragicevic.png",150,200,false],"poseidon-header-image":["https:\/\/www.ljportal.com\/osmrtnice\/wp-content\/uploads\/2026\/09\/MaraDragicevic.png",150,200,false],"poseidon-thumbnail-small":["https:\/\/www.ljportal.com\/osmrtnice\/wp-content\/uploads\/2026\/09\/MaraDragicevic-120x80.png",120,80,true],"poseidon-thumbnail-medium":["https:\/\/www.ljportal.com\/osmrtnice\/wp-content\/uploads\/2026\/09\/MaraDragicevic.png",150,200,false],"poseidon-thumbnail-large":["https:\/\/www.ljportal.com\/osmrtnice\/wp-content\/uploads\/2026\/09\/MaraDragicevic.png",150,200,false],"poseidon-thumbnail-single":["https:\/\/www.ljportal.com\/osmrtnice\/wp-content\/uploads\/2026\/09\/MaraDragicevic.png",150,200,false],"rt_custom":["https:\/\/www.ljportal.com\/osmrtnice\/wp-content\/uploads\/2026\/09\/MaraDragicevic.png",150,200,false]},"rttpg_author":{"display_name":"Osmrtnice Ljubuski","author_link":"https:\/\/www.ljportal.com\/osmrtnice\/author\/bubalo\/"},"rttpg_comment":0,"rttpg_category":"<a href=\"https:\/\/www.ljportal.com\/osmrtnice\/category\/osmrtnice\/\" rel=\"category tag\">Osmrtnice<\/a>","rttpg_excerpt":null,"_links":{"self":[{"href":"https:\/\/www.ljportal.com\/osmrtnice\/wp-json\/wp\/v2\/posts\/23627","targetHints":{"allow":["GET"]}}],"collection":[{"href":"https:\/\/www.ljportal.com\/osmrtnice\/wp-json\/wp\/v2\/posts"}],"about":[{"href":"https:\/\/www.ljportal.com\/osmrtnice\/wp-json\/wp\/v2\/types\/post"}],"author":[{"embeddable":true,"href":"https:\/\/www.ljportal.com\/osmrtnice\/wp-json\/wp\/v2\/users\/2"}],"replies":[{"embeddable":true,"href":"https:\/\/www.ljportal.com\/osmrtnice\/wp-json\/wp\/v2\/comments?post=23627"}],"version-history":[{"count":1,"href":"https:\/\/www.ljportal.com\/osmrtnice\/wp-json\/wp\/v2\/posts\/23627\/revisions"}],"predecessor-version":[{"id":23629,"href":"https:\/\/www.ljportal.com\/osmrtnice\/wp-json\/wp\/v2\/posts\/23627\/revisions\/23629"}],"wp:featuredmedia":[{"embeddable":true,"href":"https:\/\/www.ljportal.com\/osmrtnice\/wp-json\/wp\/v2\/media\/23628"}],"wp:attachment":[{"href":"https:\/\/www.ljportal.com\/osmrtnice\/wp-json\/wp\/v2\/media?parent=23627"}],"wp:term":[{"taxonomy":"category","embeddable":true,"href":"https:\/\/www.ljportal.com\/osmrtnice\/wp-json\/wp\/v2\/categories?post=23627"},{"taxonomy":"post_tag","embeddable":true,"href":"https:\/\/www.ljportal.com\/osmrtnice\/wp-json\/wp\/v2\/tags?post=23627"}],"curies":[{"name":"wp","href":"https:\/\/api.w.org\/{rel}","templated":true}]}}